{"id":1187,"date":"2022-06-20T16:48:49","date_gmt":"2022-06-20T16:48:49","guid":{"rendered":"https:\/\/cnts.sn\/?p=1187"},"modified":"2022-09-13T16:34:54","modified_gmt":"2022-09-13T16:34:54","slug":"journee-mondiale-des-refugies-nous-demandons-plus-de-solidarite-de-soutien-et-de-dialogue-social","status":"publish","type":"post","link":"https:\/\/cnts.sn\/?p=1187","title":{"rendered":"JOURNEE MONDIALE DES REFUGIES : NOUS DEMANDONS PLUS DE SOLIDARITE, DE SOUTIEN ET DE DIALOGUE SOCIAL"},"content":{"rendered":"<div class=\"post-entry bottom40\">\n<h3><strong><em>\u00c0 l\u2019occasion de cette Journ\u00e9e mondiale des r\u00e9fugi\u00e9s, la Conf\u00e9d\u00e9ration syndicale internationale (CSI) r\u00e9affirme son engagement en faveur de la paix et de la solidarit\u00e9 avec les r\u00e9fugi\u00e9s de toute la plan\u00e8te.<\/em><\/strong><\/h3>\n<p>La crise mondiale des r\u00e9fugi\u00e9s est exacerb\u00e9e par le conflit et la guerre, les lourdes cons\u00e9quences du changement climatique et l\u2019extr\u00eame pauvret\u00e9, qui frappent tous les continents.<\/p>\n<p>Une personne sur 95 dans le monde a quitt\u00e9 son foyer \u00e0 cause d\u2019un conflit ou de pers\u00e9cutions. La guerre que m\u00e8ne Vladimir Poutine en Ukraine ne fait qu\u2019accentuer ce ph\u00e9nom\u00e8ne et, d\u2019apr\u00e8s les\u00a0<a href=\"https:\/\/4830a918a4654eb18741b3ac14f72005.svc.dynamics.com\/t\/t\/FdfQDqIK8GCO7btblPfvx07Rig2Z9em80hxlrYNoduAx\/mexJx3KmanhKwNOHkhSV7sE9bLMmZd6s6XOuUkLn0p0x\" target=\"_blank\" rel=\"noreferrer noopener\">estimations de l\u2019Agence des Nations Unies pour les r\u00e9fugi\u00e9s<\/a>,\u00a0l\u2019Afrique et l\u2019Europe sont les r\u00e9gions qui auront le plus de besoins en ce qui concerne la r\u00e9installation des r\u00e9fugi\u00e9s.<\/p>\n<p>Le rapport de la Banque mondiale\u00a0<a href=\"https:\/\/4830a918a4654eb18741b3ac14f72005.svc.dynamics.com\/t\/t\/NJpIg8yPx6U0MIa4kQPGMuC3JJGa8xF8sIP2Xn38KkUx\/mexJx3KmanhKwNOHkhSV7sE9bLMmZd6s6XOuUkLn0p0x\" target=\"_blank\" rel=\"noreferrer noopener\"><em>Groundswell<\/em><\/a>\u00a0pr\u00e9cise que le changement climatique pourrait contraindre 216 millions de personnes \u00e0 migrer \u00e0 l\u2019int\u00e9rieur de leur propre pays d\u2019ici \u00e0 2050, ce qui risque d\u2019exposer ces populations \u00e0 la discrimination et \u00e0 l\u2019exploitation.<\/p>\n<p>Fid\u00e8les au principe de solidarit\u00e9 et d\u2019\u00e9galit\u00e9 pour tous et toutes, les syndicats ne m\u00e9nagent pas leurs efforts pour venir en aide aux r\u00e9fugi\u00e9s. Entre les campagnes, le plaidoyer, la formation, le soutien financier et l\u2019aide humanitaire, les syndicats agissent, en d\u00e9pit des ressources limit\u00e9es dont ils disposent et des situations politiques difficiles.<\/p>\n<p>En Gr\u00e8ce et en Jordanie, les syndicats proposent aux r\u00e9fugi\u00e9s des programmes de formation professionnelle pour faciliter leur int\u00e9gration, les aider \u00e0 acc\u00e9der au march\u00e9 du travail et contribuer \u00e0 les prot\u00e9ger de l\u2019exploitation.<\/p>\n<p>Au Kenya et en Turquie, les syndicats ont mis en place des formations sur les droits du travail pour les r\u00e9fugi\u00e9s. Au\u00a0Guatemala et en Croatie, les syndicats ont fourni une aide humanitaire, essentiellement de l\u2019alimentation et de l\u2019eau potable, aux r\u00e9fugi\u00e9s et aux personnes d\u00e9plac\u00e9es dans leur propre pays.<\/p>\n<p>\u00ab\u00a0<em>Les r\u00e9fugi\u00e9s et les migrants ont toute leur place dans nos lieux de travail et au sein de nos communaut\u00e9s, o\u00f9 ils m\u00e9ritent l\u2019\u00e9galit\u00e9 de traitement et une protection pleine et enti\u00e8re de leurs droits. Les syndicats canadiens accueillent des r\u00e9fugi\u00e9s et des migrants, et soutiennent les efforts d\u00e9ploy\u00e9s pour offrir un lieu s\u00fbr aux personnes qui en ont le plus besoin<\/em>\u00a0\u00bb, a d\u00e9clar\u00e9 Bea Bruske, pr\u00e9sidente du Congr\u00e8s du travail du Canada.<\/p>\n<p>La secr\u00e9taire g\u00e9n\u00e9rale de la CSI, Sharan Burrow, a affirm\u00e9 : \u00ab\u00a0<em>Nous sommes tous meurtris face \u00e0 ces r\u00e9fugi\u00e9s qui connaissent des situations et des traitements \u00e9pouvantables.<\/em>\u00a0<em>Nous appelons les gouvernements du monde entier \u00e0 intensifier leur engagement, leurs efforts et l\u2019investissement dans les besoins humanitaires pour r\u00e9installer les migrants, au titre des obligations des \u00c9tats inscrites\u00a0dans la\u00a0<\/em><a href=\"https:\/\/4830a918a4654eb18741b3ac14f72005.svc.dynamics.com\/t\/t\/p4IrxCo9eSE8pL6lbwxpvxpdVBTxxxf0xMx1h507YWgx\/mexJx3KmanhKwNOHkhSV7sE9bLMmZd6s6XOuUkLn0p0x\" target=\"_blank\" rel=\"noreferrer noopener\"><em>Convention relative au statut des r\u00e9fugi\u00e9s et son Protocole<\/em><\/a>.<\/p>\n<p>\u00ab\u00a0<em>Ces efforts doivent aller de pair avec la mise au point de syst\u00e8mes plus performants qui recourent au dialogue social pour permettre une int\u00e9gration efficace, en reconnaissant par exemple les comp\u00e9tences des r\u00e9fugi\u00e9s afin de faciliter leur int\u00e9gration dans la main-d\u2019\u0153uvre, avec des droits complets et une repr\u00e9sentation syndicale<\/em>. \u00bb<\/p>\n<p>De nombreux pays, notamment en Europe, ont besoin de travailleurs compte tenu du vieillissement de la population. Les comp\u00e9tences et les revenus que les r\u00e9fugi\u00e9s peuvent apporter aux pays d\u2019accueil stimulent la croissance \u00e9conomique et la cr\u00e9ation d\u2019emplois pour tous. Mais cela n\u00e9cessite des investissements.<\/p>\n<p>La CSI appelle les gouvernements \u00e0 accro\u00eetre le financement destin\u00e9 \u00e0 subvenir aux besoins des r\u00e9fugi\u00e9s, en particulier en mati\u00e8re de protection sociale dans les pays d\u2019accueil, et \u00e0 s\u2019associer aux efforts mondiaux pour renforcer la coop\u00e9ration, \u00e9laborer une strat\u00e9gie commune et r\u00e9fl\u00e9chir \u00e0 une r\u00e9ponse efficace aux crises des r\u00e9fugi\u00e9s.<\/p>\n<p>Il faut pour cela agir sur les causes profondes de la migration forc\u00e9e, en plus de r\u00e9pondre aux besoins qui en r\u00e9sultent en termes de situation humanitaire, de r\u00e9installation et d\u2019int\u00e9gration.<\/p>\n<\/div>\n<div class=\"post-navigation\">\n<div class=\"nav-previous\">\n<div class=\"meta-nav\"><\/div>\n<\/div>\n<\/div>\n","protected":false},"excerpt":{"rendered":"<p>\u00c0 l\u2019occasion de cette Journ\u00e9e mondiale des r\u00e9fugi\u00e9s, la Conf\u00e9d\u00e9ration syndicale internationale (CSI) r\u00e9affirme son engagement en faveur de la paix et.<\/p>\n","protected":false},"author":1,"featured_media":1188,"comment_status":"open","ping_status":"open","sticky":false,"template":"","format":"standard","meta":{"om_disable_all_campaigns":false,"_monsterinsights_skip_tracking":false,"_monsterinsights_sitenote_active":false,"_monsterinsights_sitenote_note":"","_monsterinsights_sitenote_category":0,"footnotes":""},"categories":[6],"tags":[],"class_list":["post-1187","post","type-post","status-publish","format-standard","has-post-thumbnail","hentry","category-jeunesse_ouvriere"],"_links":{"self":[{"href":"https:\/\/cnts.sn\/index.php?rest_route=\/wp\/v2\/posts\/1187","targetHints":{"allow":["GET"]}}],"collection":[{"href":"https:\/\/cnts.sn\/index.php?rest_route=\/wp\/v2\/posts"}],"about":[{"href":"https:\/\/cnts.sn\/index.php?rest_route=\/wp\/v2\/types\/post"}],"author":[{"embeddable":true,"href":"https:\/\/cnts.sn\/index.php?rest_route=\/wp\/v2\/users\/1"}],"replies":[{"embeddable":true,"href":"https:\/\/cnts.sn\/index.php?rest_route=%2Fwp%2Fv2%2Fcomments&post=1187"}],"version-history":[{"count":1,"href":"https:\/\/cnts.sn\/index.php?rest_route=\/wp\/v2\/posts\/1187\/revisions"}],"predecessor-version":[{"id":1189,"href":"https:\/\/cnts.sn\/index.php?rest_route=\/wp\/v2\/posts\/1187\/revisions\/1189"}],"wp:featuredmedia":[{"embeddable":true,"href":"https:\/\/cnts.sn\/index.php?rest_route=\/wp\/v2\/media\/1188"}],"wp:attachment":[{"href":"https:\/\/cnts.sn\/index.php?rest_route=%2Fwp%2Fv2%2Fmedia&parent=1187"}],"wp:term":[{"taxonomy":"category","embeddable":true,"href":"https:\/\/cnts.sn\/index.php?rest_route=%2Fwp%2Fv2%2Fcategories&post=1187"},{"taxonomy":"post_tag","embeddable":true,"href":"https:\/\/cnts.sn\/index.php?rest_route=%2Fwp%2Fv2%2Ftags&post=1187"}],"curies":[{"name":"wp","href":"https:\/\/api.w.org\/{rel}","templated":true}]}}