{"id":1207,"date":"2022-05-31T18:04:51","date_gmt":"2022-05-31T18:04:51","guid":{"rendered":"https:\/\/cnts.sn\/?p=1207"},"modified":"2022-09-13T15:28:48","modified_gmt":"2022-09-13T15:28:48","slug":"renforcer-le-pouvoir-des-travailleurs-et-des-travailleuses","status":"publish","type":"post","link":"https:\/\/cnts.sn\/?p=1207","title":{"rendered":"RENFORCER LE POUVOIR DES TRAVAILLEURS ET DES TRAVAILLEUSES"},"content":{"rendered":"<p><strong>Sharan Burrow, secr\u00e9taire g\u00e9n\u00e9rale de la CSI<\/strong>\u00a0Les travailleurs traversent une multitude de crises survenant simultan\u00e9ment : urgence climatique, niveau historique des in\u00e9galit\u00e9s, pand\u00e9mie destructrice de vies et de moyens de subsistance, flamb\u00e9e des prix de l\u2019\u00e9nergie et des denr\u00e9es alimentaires paralysant nos \u00e9conomies \u00e0 la suite de l\u2019invasion odieuse de l\u2019Ukraine par Poutine et effondrement d\u2019un syst\u00e8me mondial multilat\u00e9ral avec mise en danger de la d\u00e9mocratie et de la paix. Si la perte de confiance en nos gouvernements \u00e9tait d\u00e9j\u00e0 bien perceptible, l\u2019effritement de l\u2019espoir et l\u2019affirmation du m\u00e9contentement et du d\u00e9sespoir pourront uniquement se r\u00e9soudre par un nouveau contrat social pour tous :\u00a0<strong>emplois, droits, protection sociale, \u00e9galit\u00e9, inclusion<\/strong>.\u00a0<strong>7 juin : Sommet du G7<\/strong>\u00a0Nous appelons les dirigeants du G7, r\u00e9unis en Allemagne le 7 juin prochain, \u00e0 accorder la priorit\u00e9 \u00e0 l\u2019<strong>emploi<\/strong>, aux\u00a0<strong>droits<\/strong>\u00a0et \u00e0 la\u00a0<strong>protection sociale<\/strong>. 575 millions d\u2019emplois doivent \u00eatre cr\u00e9\u00e9s dans le monde d\u2019ici 2030. L\u2019OIT a montr\u00e9 que l\u2019<a href=\"https:\/\/4830a918a4654eb18741b3ac14f72005.svc.dynamics.com\/t\/t\/aBSdIQbHxZ5HUnZ0VdXPQXXzwduj6BwBHEQGnUFomYMx\/OWJRmWXBXOPC6xPU4VhNRmnoiLuqDNKAkTdgx7Ogvy8x\" target=\"_blank\" rel=\"noreferrer noopener\">investissement dans les soins<\/a>, les infrastructures et une transition climatique juste permettrait de nous rapprocher de cet objectif, tandis que nous avons identifi\u00e9 les\u00a0<a href=\"https:\/\/4830a918a4654eb18741b3ac14f72005.svc.dynamics.com\/t\/t\/kYF4aarAKd69ghDpAXLejdwVR1vPjnvF8j3F1YXpsVIx\/OWJRmWXBXOPC6xPU4VhNRmnoiLuqDNKAkTdgx7Ogvy8x\" target=\"_blank\" rel=\"noreferrer noopener\">moyens permettant de financer la protection sociale<\/a>.\u00a0<strong>22 juin : #CEPOW \u2013 Journ\u00e9e d\u2019action mondiale \u00ab Notre travail \u00e0 l\u2019\u00e9preuve du climat et de l\u2019emploi \u00bb<\/strong>\u00a0Au mois de juin, les travailleurs du monde entier rencontreront leurs employeurs pour discuter de plans permettant d\u2019assurer la durabilit\u00e9 et la r\u00e9silience de leurs entreprises. Pour participer \u00e0 la campagne et b\u00e2tir un avenir plus s\u00fbr pour des\u00a0<strong>emplois respectueux du climat<\/strong>, cliquez\u00a0<a href=\"https:\/\/4830a918a4654eb18741b3ac14f72005.svc.dynamics.com\/t\/t\/oFU9tfbxrxHWK3qq9NuydxC0SoAWqwY6dBtXb2xPQnwx\/OWJRmWXBXOPC6xPU4VhNRmnoiLuqDNKAkTdgx7Ogvy8x\" target=\"_blank\" rel=\"noreferrer noopener\">ici<\/a>\u00a0<strong>30 mai \u2013 18 juin : Conf\u00e9rence internationale du Travail<\/strong>\u00a0Il y a trois ans, la Conf\u00e9rence du centenaire de l\u2019OIT d\u00e9cidait de consid\u00e9rer la sant\u00e9 et la s\u00e9curit\u00e9 sur les lieux de travail comme des\u00a0<strong>droits\u00a0<\/strong>fondamentaux des travailleurs. Au cours de ces trois ann\u00e9es, environ 8,1 millions de personnes ont perdu la vie des suites de leur travail et davantage encore sont aujourd\u2019hui porteuses de maladies ou de blessures qui ont boulevers\u00e9 leur vie. Nous esp\u00e9rons que cette CIT finira par adopter ces nouveaux droits fondamentaux, afin que nous puissions faire valoir cette reconnaissance pour am\u00e9liorer le quotidien des travailleurs. Par ailleurs, les gouvernements, les syndicats et les employeurs se rencontreront pour n\u00e9gocier une norme concernant les stages d\u2019apprentissage, revoir les strat\u00e9gies pour l\u2019emploi en vue de cr\u00e9er de nouveaux emplois et garantir le travail d\u00e9cent, notamment en formalisant le travail informel et en d\u00e9veloppant l\u2019\u00e9conomie sociale et solidaire. Enfin, nous attendons de la Commission de l\u2019application des normes qu\u2019elle accorde la priorit\u00e9 aux pays o\u00f9 la situation des travailleurs est la plus critique.\u00a0<strong>21 juin :\u00a0<a href=\"https:\/\/4830a918a4654eb18741b3ac14f72005.svc.dynamics.com\/t\/t\/7zG2MU5CzCc75CVZ5DbWITnHbSPOFVsaXVbAxVxDCcUx\/OWJRmWXBXOPC6xPU4VhNRmnoiLuqDNKAkTdgx7Ogvy8x\" target=\"_blank\" rel=\"noreferrer noopener\">anniversaire de la C190 et de la R206<\/a><\/strong>\u00a0La Convention 190 (C190) et la Recommandation 206 (R206) ont toutes deux \u00e9t\u00e9 adopt\u00e9es \u00e0 la CIT de 2019 pour lutter contre la violence et le harc\u00e8lement \u2013 notamment \u00e0 caract\u00e8re sexiste \u2013 dans le monde du travail, afin de promouvoir une plus grande\u00a0<strong>\u00e9galit\u00e9<\/strong>. Quatorze pays ont ratifi\u00e9 la C190. Les travailleurs, plus particuli\u00e8rement les femmes, n\u2019ont pas \u00e0 devoir attendre plus longtemps. Si votre gouvernement n\u2019a pas encore achev\u00e9 le processus de ratification, utilisez\u00a0<a href=\"https:\/\/4830a918a4654eb18741b3ac14f72005.svc.dynamics.com\/t\/t\/XjAUwYOymOzdAqsfK06dbjL4XezIPvoC0fStxmXWylMx\/OWJRmWXBXOPC6xPU4VhNRmnoiLuqDNKAkTdgx7Ogvy8x\" target=\"_blank\" rel=\"noreferrer noopener\">notre bo\u00eete \u00e0 outils pour faire pression sur ce dernier en vue de #RatifierC190<\/a>.\u00a0<strong>4 juin : veill\u00e9e aux chandelles en comm\u00e9moration du massacre de la place Tiananmen<\/strong>\u00a0Les\u00a0<strong>droits<\/strong>\u00a0humains des habitants de Hong Kong sont aujourd\u2019hui syst\u00e9matiquement bafou\u00e9s, \u00e0 l\u2019heure o\u00f9 le Parti communiste chinois renforce sa pr\u00e9sence politique dans cette r\u00e9gion. Il est donc plus important que jamais de comm\u00e9morer le massacre de la place Tiananmen. Nous devons maintenir vivant le souvenir de ces \u00e9v\u00e9nements et exprimer notre solidarit\u00e9 afin que la flamme de la d\u00e9mocratie puisse continuer \u00e0 briller \u00e0 Hong Kong. Nous surveillons \u00e9galement de pr\u00e8s la situation aux\u00a0<strong>Philippines\u00a0<\/strong>afin de voir si le nouveau gouvernement poursuit la campagne de terreur et de r\u00e9pression institu\u00e9e par le pr\u00e9sident Duterte. Nous nous engageons \u00e0 d\u00e9noncer toutes les exactions et \u00e0 soutenir les syndicats philippins dans leur combat pour le respect des\u00a0<strong>droits<\/strong>\u00a0humains. La CSI publiera son\u00a0<a href=\"https:\/\/4830a918a4654eb18741b3ac14f72005.svc.dynamics.com\/t\/t\/8uBX0hG2lHxQ7ncxcJs1wL7y6eQakWSn74PejvnE3eMx\/OWJRmWXBXOPC6xPU4VhNRmnoiLuqDNKAkTdgx7Ogvy8x\" target=\"_blank\" rel=\"noreferrer noopener\">Indice des droits dans le monde 2022<\/a>\u00a0au cours de ce mois-ci. Nous disposerons ainsi d\u2019un aper\u00e7u complet de la situation des droits des travailleurs dans le monde.\u00a0<strong>Ukraine<\/strong>\u00a0Gr\u00e2ce au soutien massif des organisations et des particuliers qui ont r\u00e9pondu pr\u00e9sents \u00e0 notre appel aux dons, nous pouvons continuer \u00e0 apporter une aide humanitaire aux personnes se trouvant actuellement en Ukraine et aux r\u00e9fugi\u00e9s install\u00e9s dans les pays voisins. Merci de votre g\u00e9n\u00e9rosit\u00e9. Ce travail est r\u00e9alis\u00e9 en \u00e9troite collaboration avec la CES, nos affili\u00e9s ukrainiens et les syndicats des pays voisins. L\u2019aide s\u2019\u00e9tend de la fourniture de mat\u00e9riel humanitaire aux services de conseil adress\u00e9s aux personnes d\u00e9plac\u00e9es depuis l\u2019Ukraine vers les pays voisins. Il s\u2019agit notamment de fournir aux r\u00e9fugi\u00e9s des informations concernant leurs droits en mati\u00e8re de travail et de leur assurer un acc\u00e8s aux services de base. En solidarit\u00e9, Sharan Burrow, secr\u00e9taire g\u00e9n\u00e9rale de la CSI\u00a0<a href=\"https:\/\/4830a918a4654eb18741b3ac14f72005.svc.dynamics.com\/t\/t\/81KCiB5nSBhP2jDJpUjmYtS40ose8XX7mRuE7nwjExcx\/OWJRmWXBXOPC6xPU4VhNRmnoiLuqDNKAkTdgx7Ogvy8x\" target=\"_blank\" rel=\"noreferrer noopener\">@SharanBurrow<\/a><\/p>\n<p>&nbsp;<\/p>\n<p>Dates \u00e0 retenir<strong>Conf\u00e9rence internationale du Travail, OIT<\/strong><br \/>\n30 mai \u2013 18 juin<strong>Veill\u00e9e aux chandelles en comm\u00e9moration du massacre de la place Tiananmen, Hong Kong<\/strong><br \/>\n4 juin<strong>Sommet du G7, Allemagne<\/strong><br \/>\n7 juin<strong>Journ\u00e9e mondiale contre le travail des enfants<\/strong><br \/>\n12 juin<strong>Journ\u00e9e internationale des travailleurs domestiques\u202f<\/strong><br \/>\n16 juin<strong>Journ\u00e9e mondiale des r\u00e9fugi\u00e9s<\/strong><br \/>\n20 juin<strong>Troisi\u00e8me anniversaire de l\u2019adoption de la C190 et de la R206<\/strong><br \/>\n21 juin<strong>Journ\u00e9e d\u2019action mondiale CEPOW<\/strong><br \/>\n22 juin<strong>Indice CSI des droits dans le monde 2022<\/strong><br \/>\n28 juin<\/p>\n","protected":false},"excerpt":{"rendered":"<p>Sharan Burrow, secr\u00e9taire g\u00e9n\u00e9rale de la CSI\u00a0Les travailleurs traversent une multitude de crises survenant simultan\u00e9ment : urgence climatique, niveau historique des in\u00e9galit\u00e9s,.<\/p>\n","protected":false},"author":1,"featured_media":1208,"comment_status":"open","ping_status":"open","sticky":false,"template":"","format":"gallery","meta":{"om_disable_all_campaigns":false,"_monsterinsights_skip_tracking":false,"_monsterinsights_sitenote_active":false,"_monsterinsights_sitenote_note":"","_monsterinsights_sitenote_category":0,"footnotes":""},"categories":[25],"tags":[],"class_list":["post-1207","post","type-post","status-publish","format-gallery","has-post-thumbnail","hentry","category-femmes_travailleuses","post_format-post-format-gallery"],"_links":{"self":[{"href":"https:\/\/cnts.sn\/index.php?rest_route=\/wp\/v2\/posts\/1207","targetHints":{"allow":["GET"]}}],"collection":[{"href":"https:\/\/cnts.sn\/index.php?rest_route=\/wp\/v2\/posts"}],"about":[{"href":"https:\/\/cnts.sn\/index.php?rest_route=\/wp\/v2\/types\/post"}],"author":[{"embeddable":true,"href":"https:\/\/cnts.sn\/index.php?rest_route=\/wp\/v2\/users\/1"}],"replies":[{"embeddable":true,"href":"https:\/\/cnts.sn\/index.php?rest_route=%2Fwp%2Fv2%2Fcomments&post=1207"}],"version-history":[{"count":2,"href":"https:\/\/cnts.sn\/index.php?rest_route=\/wp\/v2\/posts\/1207\/revisions"}],"predecessor-version":[{"id":1214,"href":"https:\/\/cnts.sn\/index.php?rest_route=\/wp\/v2\/posts\/1207\/revisions\/1214"}],"wp:featuredmedia":[{"embeddable":true,"href":"https:\/\/cnts.sn\/index.php?rest_route=\/wp\/v2\/media\/1208"}],"wp:attachment":[{"href":"https:\/\/cnts.sn\/index.php?rest_route=%2Fwp%2Fv2%2Fmedia&parent=1207"}],"wp:term":[{"taxonomy":"category","embeddable":true,"href":"https:\/\/cnts.sn\/index.php?rest_route=%2Fwp%2Fv2%2Fcategories&post=1207"},{"taxonomy":"post_tag","embeddable":true,"href":"https:\/\/cnts.sn\/index.php?rest_route=%2Fwp%2Fv2%2Ftags&post=1207"}],"curies":[{"name":"wp","href":"https:\/\/api.w.org\/{rel}","templated":true}]}}