{"id":1215,"date":"2022-05-31T18:12:36","date_gmt":"2022-05-31T18:12:36","guid":{"rendered":"https:\/\/cnts.sn\/?p=1215"},"modified":"2022-09-13T15:27:55","modified_gmt":"2022-09-13T15:27:55","slug":"mettre-un-terme-a-la-cupidite-des-entreprises-et-garantir-des-lieux-de-travail-surs-et-respectueux-des-droits-des-travailleurs","status":"publish","type":"post","link":"https:\/\/cnts.sn\/?p=1215","title":{"rendered":"METTRE UN TERME \u00c0 LA CUPIDIT\u00c9 DES ENTREPRISES ET GARANTIR DES LIEUX DE TRAVAIL S\u00dbRS ET RESPECTUEUX DES DROITS DES TRAVAILLEURS"},"content":{"rendered":"<p>Il est \u00e9vident que\u00a0<strong>la cupidit\u00e9 des entreprises constitue un s\u00e9rieux obstacle \u00e0 la r\u00e9alisation des ODD d\u2019ici 2030<\/strong>.<\/p>\n<p>Pourtant, ce comportement destructeur se poursuit pratiquement sans rel\u00e2che dans le monde entier. Il alimente les in\u00e9galit\u00e9s mondiales, concentrant les richesses dans les poches de quelques-uns au d\u00e9triment des droits environnementaux, sociaux et du travail du plus grand nombre.<\/p>\n<p><strong>Ce sont les travailleurs et leurs communaut\u00e9s dans les pays pauvres en d\u00e9veloppement qui sont les plus durement touch\u00e9s.<\/strong><\/p>\n<p>La cupidit\u00e9 des entreprises les emprisonne dans la pauvret\u00e9 et la maladie, tout en privant leur pays d\u2019importantes recettes fiscales qui pourraient \u00eatre investies dans une relance et une r\u00e9silience durables.<\/p>\n<p>Dans\u00a0<strong>six semaines<\/strong>, nous pr\u00e9senterons aux d\u00e9cideurs et aux parties prenantes r\u00e9unis lors du Forum politique de haut niveau des Nations unies sur le d\u00e9veloppement durable (FPHN) la demande des travailleurs pour\u00a0<strong>mettre un terme \u00e0 la cupidit\u00e9 des entreprises<\/strong>\u00a0<strong>et<\/strong>\u00a0<strong>garantir des lieux de travail s\u00fbrs et respectueux des droits des travailleurs<\/strong>.<\/p>\n<p>&nbsp;<\/p>\n<p>&nbsp;<\/p>\n<p>Au FPHN, nous soumettrons \u00e0 la discussion les six demandes des travailleurs pour\u00a0<strong>un nouveau contrat social avec l\u2019ODD 8 en son c\u0153ur, ancr\u00e9 dans un programme de transformation du genre<\/strong>\u00a0: (1) des emplois d\u00e9cents, respectueux du climat avec une transition juste ; (2) des droits pour tous les travailleurs ; (3) un salaire minimum vital ; (4) une protection sociale universelle pour tous ; (5) l\u2019\u00e9galit\u00e9 pour mettre fin \u00e0 toute discrimination, et (6) l\u2019inclusion pour garantir l\u2019autonomisation des pays en d\u00e9veloppement.<\/p>\n<p>L\u2019ONU a appel\u00e9 \u00e0 un engagement d\u00e9cisif de toutes les parties prenantes au cours de cette\u00a0<strong>d\u00e9cennie d\u2019action pour r\u00e9aliser les ODD<\/strong>. Et nous soulignons que la fin de la cupidit\u00e9 des entreprises est une n\u00e9cessit\u00e9 pour lib\u00e9rer le potentiel de d\u00e9veloppement du monde jusqu\u2019en 2030 et au-del\u00e0.<\/p>\n<p>Lors du FPHN, nous insisterons sur le fait que :<\/p>\n<p><strong>\u2714<\/strong><strong>\ufe0f<\/strong><strong>\u00a0<\/strong><strong>\ufe0f<\/strong>les entreprises doivent rendre des comptes par une diligence\u00a0obligatoire, y compris\u00a0la mise en place\u00a0de proc\u00e9dures de\u00a0plainte pour lutter efficacement contre toute violation des droits des travailleurs;<\/p>\n<p><strong>\u2714<\/strong><strong>\ufe0f<\/strong><strong>\u00a0<\/strong>\ufe0fles droits du travail, y compris la mise en \u0153uvre de planchers de protection du travail pour tous les travailleurs, doivent faire partie int\u00e9grante des strat\u00e9gies de redressement ; et<\/p>\n<p><strong>\u2714<\/strong><strong>\ufe0f<\/strong>\u00a0les gouvernements et les employeurs doivent adopter et appliquer des normes de sant\u00e9 et de s\u00e9curit\u00e9 au travail et les reconna\u00eetre comme des droits fondamentaux.<\/p>\n<p><strong>Un monde qui ne laisse personne de c\u00f4t\u00e9 demande des comptes aux entreprises, assure la protection du travail pour tous les travailleurs et consid\u00e8re la sant\u00e9 et la s\u00e9curit\u00e9 au travail comme un droit fondamental!<\/strong><\/p>\n<p>&nbsp;<\/p>\n<p>&nbsp;<\/p>\n<div class=\"post-entry bottom40\">\n<p><strong>DATES \u00c0 RETENIR AU FHPN, 05-15 JUILLET 2022<\/strong><\/p>\n<ul>\n<li><strong>05\u00a0juillet\u00a0<\/strong>Ouverture du FHPN et r\u00e9vision de l\u2019ODD 17<\/li>\n<li><strong>06\u00a0juillet\u00a0<\/strong>R\u00e9vision\u00a0de l\u2019ODD\u00a04<\/li>\n<li><strong>07\u00a0juillet\u00a0<\/strong>R\u00e9vision de l\u2019ODD 5 et ODD 14<\/li>\n<li><strong>11\u00a0juillet\u00a0<\/strong>R\u00e9vision\u00a0de l\u2019ODD\u00a015<\/li>\n<li><strong>12 to 15\u00a0juillet\u00a0<\/strong>sessions des \u00e9valuations volontaires nationales (EVN)<\/li>\n<li><strong>15\u00a0juillet\u00a0<\/strong>Adoption de la D\u00e9claration minist\u00e9rielle<\/li>\n<li><strong>TBC\u00a0juillet\u00a0<\/strong>Activit\u00e9 parall\u00e8le de la CSI<\/li>\n<li><a href=\"https:\/\/4830a918a4654eb18741b3ac14f72005.svc.dynamics.com\/t\/t\/CadmMjkPNvWvt2cdyvvMgLh0URbdxBHqvwrUhPu2NJUx\/T4RGuTrezc5dxOxZGIbLzLJ0G4yakrQJxwYqVcdB9HUx\" target=\"_blank\" rel=\"noreferrer noopener\"><strong>Consultez le programme officiel du FPHN<\/strong><\/a><\/li>\n<\/ul>\n<p><strong>REJOIGNEZ #TIMEFOR8 !<\/strong><\/p>\n<p><strong>Consultez le\u00a0\u00a0<\/strong><a href=\"https:\/\/4830a918a4654eb18741b3ac14f72005.svc.dynamics.com\/t\/t\/OfOMLtjgSXhuUE7K9KCiQpeK4jR3Ioxlxv7DijsZoHsx\/T4RGuTrezc5dxOxZGIbLzLJ0G4yakrQJxwYqVcdB9HUx\" target=\"_blank\" rel=\"noreferrer noopener\"><strong>dossier de campagne<\/strong><\/a><strong>.<\/strong><\/p>\n<p><strong>Partagez vos vid\u00e9os et photos #timefor8 avec nous\u00a0<a href=\"mailto:timefor8@ituc-csi.org\" target=\"_blank\" rel=\"noreferrer noopener\">timefor8@ituc-csi.org<\/a><\/strong><\/p>\n<p><strong>\ud83d\udd16<\/strong><strong>LIENS UTILES<\/strong><\/p>\n<ul>\n<li><strong><a href=\"https:\/\/4830a918a4654eb18741b3ac14f72005.svc.dynamics.com\/t\/t\/5Y6RSrItRUBsEMZb6DiMeOQiV0K7dBiAm6KXBUPR9hgx\/T4RGuTrezc5dxOxZGIbLzLJ0G4yakrQJxwYqVcdB9HUx\" target=\"_blank\" rel=\"noreferrer noopener\">Website #timefor8<\/a><\/strong><\/li>\n<li><strong><a href=\"https:\/\/4830a918a4654eb18741b3ac14f72005.svc.dynamics.com\/t\/t\/ipCOrfTAhgS7ygSss4Vn3aNxsVLmURXuThyaHXR6RJ8x\/T4RGuTrezc5dxOxZGIbLzLJ0G4yakrQJxwYqVcdB9HUx\" target=\"_blank\" rel=\"noreferrer noopener\">Publication #timefor8<\/a><\/strong><\/li>\n<li><strong><a href=\"https:\/\/4830a918a4654eb18741b3ac14f72005.svc.dynamics.com\/t\/t\/SBnvuqo35oFUloCzFlJtn6vGgZgK2uAdHTXiioAIxQAx\/T4RGuTrezc5dxOxZGIbLzLJ0G4yakrQJxwYqVcdB9HUx\" target=\"_blank\" rel=\"noreferrer noopener\">Photos #timefor8<\/a><\/strong><\/li>\n<li><a href=\"https:\/\/4830a918a4654eb18741b3ac14f72005.svc.dynamics.com\/t\/t\/NQS8sSEbB2QnTnYEs8vfoIVhi79NNWHYhJKyy5X2aLcx\/T4RGuTrezc5dxOxZGIbLzLJ0G4yakrQJxwYqVcdB9HUx\" target=\"_blank\" rel=\"noreferrer noopener\"><strong>Vid\u00e9os #timefor8<\/strong><\/a><\/li>\n<li><strong><a href=\"https:\/\/4830a918a4654eb18741b3ac14f72005.svc.dynamics.com\/t\/t\/D7vixwj94qm8ynxaRrTSji64XeHjpS7kxFln5CLWHFox\/T4RGuTrezc5dxOxZGIbLzLJ0G4yakrQJxwYqVcdB9HUx\" target=\"_blank\" rel=\"noreferrer noopener\">Logo #timefor8<\/a><\/strong><\/li>\n<li><strong><a href=\"https:\/\/4830a918a4654eb18741b3ac14f72005.svc.dynamics.com\/t\/t\/Z4kSeRkWvL1nM1H2wAty44AcxORyxoRjirKAaL1GK0kx\/T4RGuTrezc5dxOxZGIbLzLJ0G4yakrQJxwYqVcdB9HUx\" target=\"_blank\" rel=\"noreferrer noopener\">Pancarte #timefor8<\/a><\/strong><\/li>\n<li><strong><a href=\"https:\/\/4830a918a4654eb18741b3ac14f72005.svc.dynamics.com\/t\/t\/RzQ7DyBNv322MTlftvRNBPSvONY2ppAzedCoTmTlVxIx\/T4RGuTrezc5dxOxZGIbLzLJ0G4yakrQJxwYqVcdB9HUx\" target=\"_blank\" rel=\"noreferrer noopener\">Dossier de campagne #timefor8<\/a><\/strong><\/li>\n<\/ul>\n<\/div>\n<div class=\"post-navigation\">\n<div class=\"nav-previous\">\n<div class=\"meta-nav\"><\/div>\n<\/div>\n<\/div>\n","protected":false},"excerpt":{"rendered":"<p>Il est \u00e9vident que\u00a0la cupidit\u00e9 des entreprises constitue un s\u00e9rieux obstacle \u00e0 la r\u00e9alisation des ODD d\u2019ici 2030. Pourtant, ce comportement destructeur.<\/p>\n","protected":false},"author":1,"featured_media":1216,"comment_status":"open","ping_status":"open","sticky":false,"template":"","format":"gallery","meta":{"om_disable_all_campaigns":false,"_monsterinsights_skip_tracking":false,"_monsterinsights_sitenote_active":false,"_monsterinsights_sitenote_note":"","_monsterinsights_sitenote_category":0,"footnotes":""},"categories":[6],"tags":[],"class_list":["post-1215","post","type-post","status-publish","format-gallery","has-post-thumbnail","hentry","category-jeunesse_ouvriere","post_format-post-format-gallery"],"_links":{"self":[{"href":"https:\/\/cnts.sn\/index.php?rest_route=\/wp\/v2\/posts\/1215","targetHints":{"allow":["GET"]}}],"collection":[{"href":"https:\/\/cnts.sn\/index.php?rest_route=\/wp\/v2\/posts"}],"about":[{"href":"https:\/\/cnts.sn\/index.php?rest_route=\/wp\/v2\/types\/post"}],"author":[{"embeddable":true,"href":"https:\/\/cnts.sn\/index.php?rest_route=\/wp\/v2\/users\/1"}],"replies":[{"embeddable":true,"href":"https:\/\/cnts.sn\/index.php?rest_route=%2Fwp%2Fv2%2Fcomments&post=1215"}],"version-history":[{"count":1,"href":"https:\/\/cnts.sn\/index.php?rest_route=\/wp\/v2\/posts\/1215\/revisions"}],"predecessor-version":[{"id":1219,"href":"https:\/\/cnts.sn\/index.php?rest_route=\/wp\/v2\/posts\/1215\/revisions\/1219"}],"wp:featuredmedia":[{"embeddable":true,"href":"https:\/\/cnts.sn\/index.php?rest_route=\/wp\/v2\/media\/1216"}],"wp:attachment":[{"href":"https:\/\/cnts.sn\/index.php?rest_route=%2Fwp%2Fv2%2Fmedia&parent=1215"}],"wp:term":[{"taxonomy":"category","embeddable":true,"href":"https:\/\/cnts.sn\/index.php?rest_route=%2Fwp%2Fv2%2Fcategories&post=1215"},{"taxonomy":"post_tag","embeddable":true,"href":"https:\/\/cnts.sn\/index.php?rest_route=%2Fwp%2Fv2%2Ftags&post=1215"}],"curies":[{"name":"wp","href":"https:\/\/api.w.org\/{rel}","templated":true}]}}