{"id":1227,"date":"2022-05-24T18:27:24","date_gmt":"2022-05-24T18:27:24","guid":{"rendered":"https:\/\/cnts.sn\/?p=1227"},"modified":"2022-09-13T12:12:41","modified_gmt":"2022-09-13T12:12:41","slug":"belarus-la-csi-reaffirme-son-soutien-aux-syndicats-systematiquement-pris-pour-cibles","status":"publish","type":"post","link":"https:\/\/cnts.sn\/?p=1227","title":{"rendered":"B\u00c9LARUS : LA CSI R\u00c9AFFIRME SON SOUTIEN AUX SYNDICATS SYST\u00c9MATIQUEMENT PRIS POUR CIBLES"},"content":{"rendered":"<div class=\"post-entry bottom40\">\n<h3><strong><em>La CSI a une nouvelle fois exprim\u00e9 son soutien aux syndicats autonomes du B\u00e9larus, pays o\u00f9 le gouvernement multiplie ses attaques contre la communaut\u00e9 syndicale.<\/em><\/strong><\/h3>\n<p>Parmi les dizaines de dirigeants et repr\u00e9sentants syndicaux arr\u00eat\u00e9s en avril dernier, au moins dix sont toujours en d\u00e9tention, sans droit de visite, ou presque, de leurs familles et de leurs coll\u00e8gues syndicalistes.<\/p>\n<p>Il s\u2019agit entre autres de :<\/p>\n<ul>\n<li>Aliaksandr Yarashuk, pr\u00e9sident du Congr\u00e8s bi\u00e9lorusse des syndicats d\u00e9mocratiques (BKDP) et membre du Conseil d\u2019administration du BIT.<\/li>\n<li>Siarhei Antusevich, vice-pr\u00e9sident du BKDP.<\/li>\n<li>Gennadiy Fedynich, dirigeant du syndicat des travailleurs des industries de la radio et de l\u2019\u00e9lectronique (REP).<\/li>\n<\/ul>\n<p>Tous ont \u00e9t\u00e9 inculp\u00e9s en vertu de l\u2019article 342.1 du Code p\u00e9nal pour \u00ab organisation et pr\u00e9paration d\u2019actes portant gravement atteinte \u00e0 l\u2019ordre public, ou participation \u00e0 de tels actes \u00bb. Cette accusation est passible d\u2019une peine pouvant aller jusqu\u2019\u00e0 quatre ans d\u2019emprisonnement.<\/p>\n<p>Mikalai Sharakh, pr\u00e9sident du syndicat autonome du B\u00e9larus (FPB), et Aliaksandr Bukhvostov, pr\u00e9sident du syndicat autonome des m\u00e9tallurgistes (SPM), ont \u00e9t\u00e9 lib\u00e9r\u00e9s mais doivent encore r\u00e9pondre d\u2019accusations similaires.<\/p>\n<p>Autres informations :<\/p>\n<ul>\n<li>Au cours de sa r\u00e9union du 13 mai dernier, le BKDP a d\u00e9sign\u00e9 le pr\u00e9sident du syndicat bi\u00e9lorusse autonome des mineurs et des travailleurs de l\u2019industrie chimique (BITU), Maksim Pazniakou, en tant que pr\u00e9sident par int\u00e9rim de l\u2019organisation.<\/li>\n<li>Le 17 mai,\u00a0<a href=\"https:\/\/4830a918a4654eb18741b3ac14f72005.svc.dynamics.com\/t\/t\/NboqAXA7Tahx8ZkniiEIG2Pj9ABKN5L6LByEEGH84xcx\/3bWjMVw7gSyLCGUo6uNRih2VR7cEI2jbi22NmqxfBXIx\" target=\"_blank\" rel=\"noreferrer noopener\">Maksim Pazniakou a \u00e9t\u00e9 arr\u00eat\u00e9<\/a>\u00a0par les autorit\u00e9s, \u00e0 proximit\u00e9 du jardin d\u2019enfants o\u00f9 sont inscrites ses filles. Deux jours plus tard, le 19 mai, il a \u00e9t\u00e9 condamn\u00e9 \u00e0 15 jours de d\u00e9tention administrative.<\/li>\n<li>Le 18 mai,\u00a0<a href=\"https:\/\/4830a918a4654eb18741b3ac14f72005.svc.dynamics.com\/t\/t\/WVnJK7ddiy7R0ZYbsG490msMPiKjpUP8gpNi5igc7jMx\/3bWjMVw7gSyLCGUo6uNRih2VR7cEI2jbi22NmqxfBXIx\" target=\"_blank\" rel=\"noreferrer noopener\">Zinaida Mikhniuk, vice-pr\u00e9sidente du REP, a \u00e9t\u00e9 reconnue coupable<\/a>, en vertu de l\u2019article 368, pour \u00ab insulte au pr\u00e9sident de la R\u00e9publique du B\u00e9larus \u00bb. Elle a \u00e9t\u00e9 condamn\u00e9e \u00e0 deux ans de prison dans une colonie p\u00e9nitentiaire de s\u00e9curit\u00e9 g\u00e9n\u00e9rale.<\/li>\n<li>Le 19 mai, les procureurs ont exig\u00e9 que le BITU leur remette des documents syndicaux, notamment les coordonn\u00e9es des affili\u00e9s. Des demandes similaires ont \u00e9t\u00e9 adress\u00e9es aux autres affili\u00e9s du BKDP, alors que tous les documents syndicaux avaient d\u00e9j\u00e0 \u00e9t\u00e9 saisis par le<a href=\"https:\/\/4830a918a4654eb18741b3ac14f72005.svc.dynamics.com\/t\/t\/ESpTqU7aB6SewEs9b0nfXu2OdOymJVoR6ctw1xMWs5sx\/3bWjMVw7gSyLCGUo6uNRih2VR7cEI2jbi22NmqxfBXIx\" target=\"_blank\" rel=\"noreferrer noopener\">\u00a0KGB lors des perquisitions du 19 avril<\/a>.<\/li>\n<\/ul>\n<p>Sharan Burrow, secr\u00e9taire g\u00e9n\u00e9rale de la CSI, a d\u00e9clar\u00e9 : \u00ab Le plus pr\u00e9occupant dans cette affaire, c\u2019est cette volont\u00e9 de p\u00e9naliser les \u00ab\u00a0activit\u00e9s des syndicats\u00a0\u00bb et d\u2019associer ces derniers \u00e0 des \u00ab\u00a0extr\u00e9mistes\u00a0\u00bb. Le gouvernement ill\u00e9gitime de Loukachenko tente d\u2019interdire toute activit\u00e9 syndicale et de faire taire le mouvement syndical autonome. Il porte atteinte aux droits fondamentaux des travailleurs du B\u00e9larus et jamais nous ne le tol\u00e9rerons. \u00bb<\/p>\n<p>\u00ab La communaut\u00e9 syndicale mondiale se d\u00e9clare pleinement solidaire des syndicats autonomes du B\u00e9larus et met tout en \u0153uvre pour les soutenir \u00bb.<\/p>\n<p>\u00ab Nous exigeons la lib\u00e9ration imm\u00e9diate de tous les dirigeants et repr\u00e9sentants syndicaux, ainsi que la lev\u00e9e de toutes les charges retenues contre eux. Nous demandons instamment qu\u2019ils puissent recevoir des visites, notamment des repr\u00e9sentants de l\u2019OIT, afin de v\u00e9rifier leur \u00e9tat de bien-\u00eatre. \u00bb<\/p>\n<p>Le groupement Global Unions a publi\u00e9 une\u00a0<a href=\"https:\/\/4830a918a4654eb18741b3ac14f72005.svc.dynamics.com\/t\/t\/nitMlPMRttLaMvxNuE097FOXxnel1kZpJrF3BtLfaBAx\/3bWjMVw7gSyLCGUo6uNRih2VR7cEI2jbi22NmqxfBXIx\" target=\"_blank\" rel=\"noreferrer noopener\">d\u00e9claration<\/a>\u00a0appelant \u00e0 la lib\u00e9ration imm\u00e9diate des militants syndicaux emprisonn\u00e9s, o\u00f9 il est pr\u00e9cis\u00e9 que : \u00ab La prochaine Conf\u00e9rence internationale du Travail et le Conseil d\u2019administration du BIT qui suivra nous donneront les moyens d\u2019intensifier les pressions sur le gouvernement ill\u00e9gitime du B\u00e9larus \u00bb.<\/p>\n<p>Exprimez votre soutien en participant \u00e0 la campagne LabourStart\u00a0<a href=\"https:\/\/4830a918a4654eb18741b3ac14f72005.svc.dynamics.com\/t\/t\/CHRWGepQmwYNmfVOuxxok66AVbxlSBVujCUY3Gbjkp0x\/3bWjMVw7gSyLCGUo6uNRih2VR7cEI2jbi22NmqxfBXIx\" target=\"_blank\" rel=\"noreferrer noopener\">ici<\/a>.<\/p>\n<\/div>\n<div class=\"post-navigation\">\n<div class=\"nav-previous\">\n<div class=\"meta-nav\"><\/div>\n<\/div>\n<\/div>\n","protected":false},"excerpt":{"rendered":"<p>La CSI a une nouvelle fois exprim\u00e9 son soutien aux syndicats autonomes du B\u00e9larus, pays o\u00f9 le gouvernement multiplie ses attaques contre.<\/p>\n","protected":false},"author":1,"featured_media":1228,"comment_status":"open","ping_status":"open","sticky":false,"template":"","format":"standard","meta":{"om_disable_all_campaigns":false,"_monsterinsights_skip_tracking":false,"_monsterinsights_sitenote_active":false,"_monsterinsights_sitenote_note":"","_monsterinsights_sitenote_category":0,"footnotes":""},"categories":[6],"tags":[],"class_list":["post-1227","post","type-post","status-publish","format-standard","has-post-thumbnail","hentry","category-jeunesse_ouvriere"],"_links":{"self":[{"href":"https:\/\/cnts.sn\/index.php?rest_route=\/wp\/v2\/posts\/1227","targetHints":{"allow":["GET"]}}],"collection":[{"href":"https:\/\/cnts.sn\/index.php?rest_route=\/wp\/v2\/posts"}],"about":[{"href":"https:\/\/cnts.sn\/index.php?rest_route=\/wp\/v2\/types\/post"}],"author":[{"embeddable":true,"href":"https:\/\/cnts.sn\/index.php?rest_route=\/wp\/v2\/users\/1"}],"replies":[{"embeddable":true,"href":"https:\/\/cnts.sn\/index.php?rest_route=%2Fwp%2Fv2%2Fcomments&post=1227"}],"version-history":[{"count":1,"href":"https:\/\/cnts.sn\/index.php?rest_route=\/wp\/v2\/posts\/1227\/revisions"}],"predecessor-version":[{"id":1229,"href":"https:\/\/cnts.sn\/index.php?rest_route=\/wp\/v2\/posts\/1227\/revisions\/1229"}],"wp:featuredmedia":[{"embeddable":true,"href":"https:\/\/cnts.sn\/index.php?rest_route=\/wp\/v2\/media\/1228"}],"wp:attachment":[{"href":"https:\/\/cnts.sn\/index.php?rest_route=%2Fwp%2Fv2%2Fmedia&parent=1227"}],"wp:term":[{"taxonomy":"category","embeddable":true,"href":"https:\/\/cnts.sn\/index.php?rest_route=%2Fwp%2Fv2%2Fcategories&post=1227"},{"taxonomy":"post_tag","embeddable":true,"href":"https:\/\/cnts.sn\/index.php?rest_route=%2Fwp%2Fv2%2Ftags&post=1227"}],"curies":[{"name":"wp","href":"https:\/\/api.w.org\/{rel}","templated":true}]}}