{"id":1236,"date":"2022-05-13T18:35:16","date_gmt":"2022-05-13T18:35:16","guid":{"rendered":"https:\/\/cnts.sn\/?p=1236"},"modified":"2022-09-13T12:05:54","modified_gmt":"2022-09-13T12:05:54","slug":"rencontre-streetnet-a-dakar","status":"publish","type":"post","link":"https:\/\/cnts.sn\/?p=1236","title":{"rendered":"RENCONTRE STREETNET A DAKAR"},"content":{"rendered":"<p>STREETNET INTERNATIONAL, une Organisation non gouvernementale qui organise les travailleurs du secteur informel et particuli\u00e8rement les marchands de rue et \u00e0 laquelle la CNTS est affili\u00e9e, a choisi notre pays pour y organiser une r\u00e9union sous r\u00e9gionale, du 09 au 11 Mai 2022. Cette r\u00e9union a permis aux affili\u00e9s de StreetNet International dans la r\u00e9gion de se r\u00e9unir physiquement apr\u00e8s la longue pause de Covid-19 et d\u2019analyser les menaces et les opportunit\u00e9s pour la p\u00e9riode post covid.<\/p>\n<p>Cette r\u00e9union des pays membres du STREETNET a \u00e9t\u00e9 ouvert par le Ministre de l\u2019Artisanat et de la Transformation du Secteur informel, Pape Amadou Ndiaye.<\/p>\n<p>Cette importante rencontre a permis pour les pays membres de cette organisation internationale de d\u00e9lib\u00e9rer sur les moyens de s\u2019engager \u00e0 contribuer effectivement \u00e0 la r\u00e9alisation de la relance \u00e9conomique qui int\u00e8gre les pr\u00e9occupations des travailleurs de l\u2019\u00e9conomie informelle, y compris le commerce transfrontalier.<\/p>\n","protected":false},"excerpt":{"rendered":"<p>STREETNET INTERNATIONAL, une Organisation non gouvernementale qui organise les travailleurs du secteur informel et particuli\u00e8rement les marchands de rue et \u00e0 laquelle.<\/p>\n","protected":false},"author":1,"featured_media":1237,"comment_status":"open","ping_status":"open","sticky":false,"template":"","format":"gallery","meta":{"om_disable_all_campaigns":false,"_monsterinsights_skip_tracking":false,"_monsterinsights_sitenote_active":false,"_monsterinsights_sitenote_note":"","_monsterinsights_sitenote_category":0,"footnotes":""},"categories":[2],"tags":[],"class_list":["post-1236","post","type-post","status-publish","format-gallery","has-post-thumbnail","hentry","category-unions_regionales","post_format-post-format-gallery"],"_links":{"self":[{"href":"https:\/\/cnts.sn\/index.php?rest_route=\/wp\/v2\/posts\/1236","targetHints":{"allow":["GET"]}}],"collection":[{"href":"https:\/\/cnts.sn\/index.php?rest_route=\/wp\/v2\/posts"}],"about":[{"href":"https:\/\/cnts.sn\/index.php?rest_route=\/wp\/v2\/types\/post"}],"author":[{"embeddable":true,"href":"https:\/\/cnts.sn\/index.php?rest_route=\/wp\/v2\/users\/1"}],"replies":[{"embeddable":true,"href":"https:\/\/cnts.sn\/index.php?rest_route=%2Fwp%2Fv2%2Fcomments&post=1236"}],"version-history":[{"count":1,"href":"https:\/\/cnts.sn\/index.php?rest_route=\/wp\/v2\/posts\/1236\/revisions"}],"predecessor-version":[{"id":1241,"href":"https:\/\/cnts.sn\/index.php?rest_route=\/wp\/v2\/posts\/1236\/revisions\/1241"}],"wp:featuredmedia":[{"embeddable":true,"href":"https:\/\/cnts.sn\/index.php?rest_route=\/wp\/v2\/media\/1237"}],"wp:attachment":[{"href":"https:\/\/cnts.sn\/index.php?rest_route=%2Fwp%2Fv2%2Fmedia&parent=1236"}],"wp:term":[{"taxonomy":"category","embeddable":true,"href":"https:\/\/cnts.sn\/index.php?rest_route=%2Fwp%2Fv2%2Fcategories&post=1236"},{"taxonomy":"post_tag","embeddable":true,"href":"https:\/\/cnts.sn\/index.php?rest_route=%2Fwp%2Fv2%2Ftags&post=1236"}],"curies":[{"name":"wp","href":"https:\/\/api.w.org\/{rel}","templated":true}]}}