{"id":1242,"date":"2022-05-13T18:39:02","date_gmt":"2022-05-13T18:39:02","guid":{"rendered":"https:\/\/cnts.sn\/?p=1242"},"modified":"2022-09-13T12:07:05","modified_gmt":"2022-09-13T12:07:05","slug":"congres-snelas","status":"publish","type":"post","link":"https:\/\/cnts.sn\/?p=1242","title":{"rendered":"CONGRES SNELAS"},"content":{"rendered":"<p>Le Syndicat National des Enseignants en Langue Arabe du S\u00e9n\u00e9gal (SNELAS\/CNTS) a organis\u00e9 ce samedi 07 mai,\u00a0 son congr\u00e8s ordinaire de renouvellement des instances au si\u00e8ge de la Conf\u00e9d\u00e9ration Natinonale des Travailleurs du S\u00e9n\u00e9gal.<\/p>\n<p>La Camarade Al Hassane Kane a \u00e9t\u00e9 \u00e9lu comme le nouveua Secr\u00e9taire G\u00e9n\u00e9ral du SNELAS.<\/p>\n<p>Cette rencontre a \u00e9t\u00e9 l\u2019occasion pour les syndicalistes de rappeler \u00e0 l\u2019\u00c9tat du S\u00e9n\u00e9gal,\u00a0 l\u2019attachement ind\u00e9fectible des S\u00e9n\u00e9galais \u00e0 la langue arabe.<\/p>\n<p>&nbsp;<\/p>\n<p>Concernant la formation et\u00a0 l\u2019insertion, les syndicalistes ont aussi recommand\u00e9 \u00e0 l\u2019\u00c9tat de r\u00e9ouvrir le concours direct et professionnel d\u2019entr\u00e9e \u00e0 l\u2019ENA, pour les arabisants mais \u00e9galement organiser des concours d\u2019entr\u00e9e, qui prennent en compte la sp\u00e9cificit\u00e9 des arabisants pour les \u00c9coles nationales.<\/p>\n","protected":false},"excerpt":{"rendered":"<p>Le Syndicat National des Enseignants en Langue Arabe du S\u00e9n\u00e9gal (SNELAS\/CNTS) a organis\u00e9 ce samedi 07 mai,\u00a0 son congr\u00e8s ordinaire de renouvellement.<\/p>\n","protected":false},"author":1,"featured_media":1243,"comment_status":"open","ping_status":"open","sticky":false,"template":"","format":"gallery","meta":{"om_disable_all_campaigns":false,"_monsterinsights_skip_tracking":false,"_monsterinsights_sitenote_active":false,"_monsterinsights_sitenote_note":"","_monsterinsights_sitenote_category":0,"footnotes":""},"categories":[2],"tags":[],"class_list":["post-1242","post","type-post","status-publish","format-gallery","has-post-thumbnail","hentry","category-unions_regionales","post_format-post-format-gallery"],"_links":{"self":[{"href":"https:\/\/cnts.sn\/index.php?rest_route=\/wp\/v2\/posts\/1242","targetHints":{"allow":["GET"]}}],"collection":[{"href":"https:\/\/cnts.sn\/index.php?rest_route=\/wp\/v2\/posts"}],"about":[{"href":"https:\/\/cnts.sn\/index.php?rest_route=\/wp\/v2\/types\/post"}],"author":[{"embeddable":true,"href":"https:\/\/cnts.sn\/index.php?rest_route=\/wp\/v2\/users\/1"}],"replies":[{"embeddable":true,"href":"https:\/\/cnts.sn\/index.php?rest_route=%2Fwp%2Fv2%2Fcomments&post=1242"}],"version-history":[{"count":1,"href":"https:\/\/cnts.sn\/index.php?rest_route=\/wp\/v2\/posts\/1242\/revisions"}],"predecessor-version":[{"id":1246,"href":"https:\/\/cnts.sn\/index.php?rest_route=\/wp\/v2\/posts\/1242\/revisions\/1246"}],"wp:featuredmedia":[{"embeddable":true,"href":"https:\/\/cnts.sn\/index.php?rest_route=\/wp\/v2\/media\/1243"}],"wp:attachment":[{"href":"https:\/\/cnts.sn\/index.php?rest_route=%2Fwp%2Fv2%2Fmedia&parent=1242"}],"wp:term":[{"taxonomy":"category","embeddable":true,"href":"https:\/\/cnts.sn\/index.php?rest_route=%2Fwp%2Fv2%2Fcategories&post=1242"},{"taxonomy":"post_tag","embeddable":true,"href":"https:\/\/cnts.sn\/index.php?rest_route=%2Fwp%2Fv2%2Ftags&post=1242"}],"curies":[{"name":"wp","href":"https:\/\/api.w.org\/{rel}","templated":true}]}}