{"id":1256,"date":"2022-01-19T18:51:06","date_gmt":"2022-01-19T18:51:06","guid":{"rendered":"https:\/\/cnts.sn\/?p=1256"},"modified":"2022-09-13T12:01:36","modified_gmt":"2022-09-13T12:01:36","slug":"tunisie-repression-contre-les-travailleurs-alors-que-la-crise-saggrave","status":"publish","type":"post","link":"https:\/\/cnts.sn\/?p=1256","title":{"rendered":"TUNISIE : REPRESSION CONTRE LES TRAVAILLEURS ALORS QUE LA CRISE S\u2019AGGRAVE"},"content":{"rendered":"<div class=\"post-entry bottom40\">\n<p><strong><em>La CSI fait part de sa vive pr\u00e9occupation \u00e0 l\u2019\u00e9gard de la r\u00e9pression antisyndicale exerc\u00e9e par les autorit\u00e9s tunisiennes sous le contr\u00f4le du pr\u00e9sident Ka\u00efs Sa\u00efed.<\/em><\/strong><\/p>\n<p><strong>La crise s\u2019aggrave en Tunisie depuis que le pr\u00e9sident Sa\u00efed a cong\u00e9di\u00e9 le premier ministre Hichem Mechichi l\u2019an dernier, s\u2019emparant du pouvoir absolu, dans un contexte de pauvret\u00e9 et de ch\u00f4mage croissants et de gestion d\u00e9ficiente de la pand\u00e9mie de COVID-19. Depuis le 25 juillet, Ka\u00efs Sa\u00efed interdit au Parlement de si\u00e9ger et assure lui-m\u00eame le pouvoir l\u00e9gislatif.<\/strong><\/p>\n<p>Le 13 janvier, les employ\u00e9s de la t\u00e9l\u00e9vision publique, qui \u00e9taient en gr\u00e8ve face au refus des autorit\u00e9s de renouveler leur convention collective, ont \u00e9t\u00e9 encercl\u00e9s par d\u2019importantes forces de police et soumis \u00e0 des interrogatoires. Certains employ\u00e9s ont ensuite \u00e9t\u00e9 contraints de diffuser des \u00e9missions dans le but de briser la gr\u00e8ve.<\/p>\n<p>Le lendemain, date du 10e anniversaire de la r\u00e9volution \u00e0 l\u2019origine de la destitution du dictateur Ben Ali, plusieurs dizaines de milliers de manifestants qui d\u00e9filaient pour protester contre le gouvernement se sont heurt\u00e9s au d\u00e9cha\u00eenement de violence de la part de milliers de policiers, qui ont fait usage de gaz lacrymog\u00e8nes et de canons \u00e0 eau et ont frapp\u00e9 de nombreux manifestants. Plusieurs personnes ont \u00e9t\u00e9 arr\u00eat\u00e9es de mani\u00e8re brutale ; certaines sont toujours en d\u00e9tention et font l\u2019objet de poursuites.Sharan Burrow, la secr\u00e9taire g\u00e9n\u00e9rale de la CSI, a d\u00e9clar\u00e9 : \u00ab L\u2019espoir qui est n\u00e9 de la r\u00e9volution tunisienne est an\u00e9anti par l\u2019attitude autocratique du pr\u00e9sident. Apr\u00e8s avoir rejet\u00e9 les demandes r\u00e9p\u00e9t\u00e9es de la centrale syndicale UGTT qui souhaitait travailler avec les autorit\u00e9s sur les probl\u00e8mes du pays, il a recouru \u00e0 la r\u00e9pression violente. L\u2019UGTT a jou\u00e9 un r\u00f4le vital dans la r\u00e9volution et continue d\u2019occuper une place essentielle depuis. La CSI soutient l\u2019UGTT et ses membres et fera tout son possible pour leur venir en aide afin de mettre un terme \u00e0 la r\u00e9pression et de veiller \u00e0 ce que le pays ne c\u00e8de pas aux diktats<\/p>\n<p>&nbsp;<\/p>\n<\/div>\n<div class=\"post-navigation\">\n<div class=\"nav-previous\">\n<div class=\"meta-nav\"><\/div>\n<\/div>\n<\/div>\n","protected":false},"excerpt":{"rendered":"<p>La CSI fait part de sa vive pr\u00e9occupation \u00e0 l\u2019\u00e9gard de la r\u00e9pression antisyndicale exerc\u00e9e par les autorit\u00e9s tunisiennes sous le contr\u00f4le.<\/p>\n","protected":false},"author":1,"featured_media":1257,"comment_status":"open","ping_status":"open","sticky":false,"template":"","format":"standard","meta":{"om_disable_all_campaigns":false,"_monsterinsights_skip_tracking":false,"_monsterinsights_sitenote_active":false,"_monsterinsights_sitenote_note":"","_monsterinsights_sitenote_category":0,"footnotes":""},"categories":[6],"tags":[],"class_list":["post-1256","post","type-post","status-publish","format-standard","has-post-thumbnail","hentry","category-jeunesse_ouvriere"],"_links":{"self":[{"href":"https:\/\/cnts.sn\/index.php?rest_route=\/wp\/v2\/posts\/1256","targetHints":{"allow":["GET"]}}],"collection":[{"href":"https:\/\/cnts.sn\/index.php?rest_route=\/wp\/v2\/posts"}],"about":[{"href":"https:\/\/cnts.sn\/index.php?rest_route=\/wp\/v2\/types\/post"}],"author":[{"embeddable":true,"href":"https:\/\/cnts.sn\/index.php?rest_route=\/wp\/v2\/users\/1"}],"replies":[{"embeddable":true,"href":"https:\/\/cnts.sn\/index.php?rest_route=%2Fwp%2Fv2%2Fcomments&post=1256"}],"version-history":[{"count":1,"href":"https:\/\/cnts.sn\/index.php?rest_route=\/wp\/v2\/posts\/1256\/revisions"}],"predecessor-version":[{"id":1258,"href":"https:\/\/cnts.sn\/index.php?rest_route=\/wp\/v2\/posts\/1256\/revisions\/1258"}],"wp:featuredmedia":[{"embeddable":true,"href":"https:\/\/cnts.sn\/index.php?rest_route=\/wp\/v2\/media\/1257"}],"wp:attachment":[{"href":"https:\/\/cnts.sn\/index.php?rest_route=%2Fwp%2Fv2%2Fmedia&parent=1256"}],"wp:term":[{"taxonomy":"category","embeddable":true,"href":"https:\/\/cnts.sn\/index.php?rest_route=%2Fwp%2Fv2%2Fcategories&post=1256"},{"taxonomy":"post_tag","embeddable":true,"href":"https:\/\/cnts.sn\/index.php?rest_route=%2Fwp%2Fv2%2Ftags&post=1256"}],"curies":[{"name":"wp","href":"https:\/\/api.w.org\/{rel}","templated":true}]}}