{"id":1259,"date":"2022-01-12T18:58:32","date_gmt":"2022-01-12T18:58:32","guid":{"rendered":"https:\/\/cnts.sn\/?p=1259"},"modified":"2022-09-13T15:26:24","modified_gmt":"2022-09-13T15:26:24","slug":"ceremonie-de-retraite-de-saliou-ndiaye-et-awa-sow","status":"publish","type":"post","link":"https:\/\/cnts.sn\/?p=1259","title":{"rendered":"C\u00c9R\u00c9MONIE DE RETRAITE DE SALIOU NDIAYE ET AWA SOW"},"content":{"rendered":"<p>Le Directeur de Cabinet du Secr\u00e9taire G\u00e9n\u00e9ral de la CNTS Saliou Ndiaye et Awa Sow Marone, charg\u00e9e du Recouvrement de la centrale ont \u00e9t\u00e9 appel\u00e9 \u00e0 faire valoir leur droit \u00e0 la retraite. A cette occasion, une c\u00e9r\u00e9monie de remerciements et d\u2019hommages a \u00e9t\u00e9 organis\u00e9 pour ces deux soldats de la Conf\u00e9d\u00e9ration Nationale des Travailleurs du S\u00e9n\u00e9gal (CNTS). Une c\u00e9r\u00e9monie remplie d\u2019\u00e9motions car ces d\u00e9sormais ex employ\u00e9s du bureau conf\u00e9d\u00e9ral ont servi dignement la CNTS.\u00a0Ils sont partis \u00e0 la retraite avec tous les honneurs. Toute l\u2019assistance leurs a souhait\u00e9 une retraire paisible apr\u00e8s tant d\u2019ann\u00e9es au service de la CNTS et des travailleurs.<\/p>\n","protected":false},"excerpt":{"rendered":"<p>Le Directeur de Cabinet du Secr\u00e9taire G\u00e9n\u00e9ral de la CNTS Saliou Ndiaye et Awa Sow Marone, charg\u00e9e du Recouvrement de la centrale.<\/p>\n","protected":false},"author":1,"featured_media":1260,"comment_status":"open","ping_status":"open","sticky":false,"template":"","format":"gallery","meta":{"om_disable_all_campaigns":false,"_monsterinsights_skip_tracking":false,"_monsterinsights_sitenote_active":false,"_monsterinsights_sitenote_note":"","_monsterinsights_sitenote_category":0,"footnotes":""},"categories":[2],"tags":[],"class_list":["post-1259","post","type-post","status-publish","format-gallery","has-post-thumbnail","hentry","category-unions_regionales","post_format-post-format-gallery"],"_links":{"self":[{"href":"https:\/\/cnts.sn\/index.php?rest_route=\/wp\/v2\/posts\/1259","targetHints":{"allow":["GET"]}}],"collection":[{"href":"https:\/\/cnts.sn\/index.php?rest_route=\/wp\/v2\/posts"}],"about":[{"href":"https:\/\/cnts.sn\/index.php?rest_route=\/wp\/v2\/types\/post"}],"author":[{"embeddable":true,"href":"https:\/\/cnts.sn\/index.php?rest_route=\/wp\/v2\/users\/1"}],"replies":[{"embeddable":true,"href":"https:\/\/cnts.sn\/index.php?rest_route=%2Fwp%2Fv2%2Fcomments&post=1259"}],"version-history":[{"count":1,"href":"https:\/\/cnts.sn\/index.php?rest_route=\/wp\/v2\/posts\/1259\/revisions"}],"predecessor-version":[{"id":1269,"href":"https:\/\/cnts.sn\/index.php?rest_route=\/wp\/v2\/posts\/1259\/revisions\/1269"}],"wp:featuredmedia":[{"embeddable":true,"href":"https:\/\/cnts.sn\/index.php?rest_route=\/wp\/v2\/media\/1260"}],"wp:attachment":[{"href":"https:\/\/cnts.sn\/index.php?rest_route=%2Fwp%2Fv2%2Fmedia&parent=1259"}],"wp:term":[{"taxonomy":"category","embeddable":true,"href":"https:\/\/cnts.sn\/index.php?rest_route=%2Fwp%2Fv2%2Fcategories&post=1259"},{"taxonomy":"post_tag","embeddable":true,"href":"https:\/\/cnts.sn\/index.php?rest_route=%2Fwp%2Fv2%2Ftags&post=1259"}],"curies":[{"name":"wp","href":"https:\/\/api.w.org\/{rel}","templated":true}]}}