{"id":1270,"date":"2022-01-10T19:22:48","date_gmt":"2022-01-10T19:22:48","guid":{"rendered":"https:\/\/cnts.sn\/?p=1270"},"modified":"2022-09-13T15:25:17","modified_gmt":"2022-09-13T15:25:17","slug":"conference-de-presse-sur-le-pacte-mondial-sur-la-migration","status":"publish","type":"post","link":"https:\/\/cnts.sn\/?p=1270","title":{"rendered":"CONFERENCE DE PRESSE SUR LE PACTE MONDIAL SUR LA MIGRATION"},"content":{"rendered":"<p><strong><em>Les Acteurs de la Migration exhortent le chef de L\u2019Etat Macky Sall \u00e0 ratifier le texte sur la Migration<\/em><\/strong><\/p>\n<p>Les 29 et 30 d\u00e9cembre 2021 s\u2019est tenu au si\u00e8ge de la Conf\u00e9d\u00e9ration Nationale des Travailleurs du S\u00e9n\u00e9gal (CNTS), Keur Madia (Dakar S\u00e9n\u00e9gal) un atelier sur le th\u00e8me \u00ab Pour la mise en \u0153uvre\u00a0effective du pacte mondial pour des migrations s\u00fbres, ordonn\u00e9es et r\u00e9guli\u00e8res \u00bb, adopt\u00e9 par les Nations Unies en d\u00e9cembre 2018 (A\/RES\/73\/193).<\/p>\n<p>L\u2019atelier, organis\u00e9 en pr\u00e9sentiel et en ligne sous l\u2019\u00e9gide de la CNTS en coop\u00e9ration avec le Partenariat des OSC pour l\u2019efficacit\u00e9 du d\u00e9veloppement (POED), a vu la participation des organisations syndicales, organisations de la soci\u00e9t\u00e9 civile (OSC), associations de migrants, du Bureau International du Travail, de l\u2019Organisation Internationales pour les Migrations, du R\u00e9seau Syndical Migrations M\u00e9diterran\u00e9ennes Subsahariennes \u2013 RSMMS, de l\u2019Institut de Recherches et de Promotion des Alternatives de D\u00e9veloppement en Afrique (IRPAD), de la Conf\u00e9d\u00e9ration Syndicale Internationale r\u00e9gion Afrique et Charg\u00e9 des Relations avec l\u2019Union Africaine et le programme Migration en Afrique (OSIWA)<\/p>\n<p>Au terme des deux jours, les participantes et participants ont adopt\u00e9 une d\u00e9claration contenant les principales pr\u00e9occupations de la soci\u00e9t\u00e9 civile et des syndicats quant \u00e0 la mise en \u0153uvre effective du pacte par le Gouvernement du S\u00e9n\u00e9gal.<\/p>\n<p>Dans le prolongement de cette activit\u00e9, un point de presse a \u00e9t\u00e9 organis\u00e9 le Vendredi 07 Janvier 2022 \u00e0 partir de 10H30 au Si\u00e8ge de la CNTS, Maison des Travailleurs Keur Madia \u00e0 Dakar.<\/p>\n<p>Lors de cette rencontre, les Acteurs de la Migration ont exhort\u00e9 le chef de L\u2019Etat Macky Sall \u00e0 ratifier le texte sur la Migration pour permettre aux acteurs de bien g\u00e9rer le ph\u00e9nom\u00e8ne. En effet, ils pr\u00e9cisent que la majorit\u00e9\u00a0de la Migration se fait entre pays africains et que l\u2019Europe utilise souvent les Migrants pour des int\u00e9r\u00eats Politiques.<\/p>\n","protected":false},"excerpt":{"rendered":"<p>Les Acteurs de la Migration exhortent le chef de L\u2019Etat Macky Sall \u00e0 ratifier le texte sur la Migration Les 29 et.<\/p>\n","protected":false},"author":1,"featured_media":1271,"comment_status":"open","ping_status":"open","sticky":false,"template":"","format":"gallery","meta":{"om_disable_all_campaigns":false,"_monsterinsights_skip_tracking":false,"_monsterinsights_sitenote_active":false,"_monsterinsights_sitenote_note":"","_monsterinsights_sitenote_category":0,"footnotes":""},"categories":[2],"tags":[],"class_list":["post-1270","post","type-post","status-publish","format-gallery","has-post-thumbnail","hentry","category-unions_regionales","post_format-post-format-gallery"],"_links":{"self":[{"href":"https:\/\/cnts.sn\/index.php?rest_route=\/wp\/v2\/posts\/1270","targetHints":{"allow":["GET"]}}],"collection":[{"href":"https:\/\/cnts.sn\/index.php?rest_route=\/wp\/v2\/posts"}],"about":[{"href":"https:\/\/cnts.sn\/index.php?rest_route=\/wp\/v2\/types\/post"}],"author":[{"embeddable":true,"href":"https:\/\/cnts.sn\/index.php?rest_route=\/wp\/v2\/users\/1"}],"replies":[{"embeddable":true,"href":"https:\/\/cnts.sn\/index.php?rest_route=%2Fwp%2Fv2%2Fcomments&post=1270"}],"version-history":[{"count":1,"href":"https:\/\/cnts.sn\/index.php?rest_route=\/wp\/v2\/posts\/1270\/revisions"}],"predecessor-version":[{"id":1274,"href":"https:\/\/cnts.sn\/index.php?rest_route=\/wp\/v2\/posts\/1270\/revisions\/1274"}],"wp:featuredmedia":[{"embeddable":true,"href":"https:\/\/cnts.sn\/index.php?rest_route=\/wp\/v2\/media\/1271"}],"wp:attachment":[{"href":"https:\/\/cnts.sn\/index.php?rest_route=%2Fwp%2Fv2%2Fmedia&parent=1270"}],"wp:term":[{"taxonomy":"category","embeddable":true,"href":"https:\/\/cnts.sn\/index.php?rest_route=%2Fwp%2Fv2%2Fcategories&post=1270"},{"taxonomy":"post_tag","embeddable":true,"href":"https:\/\/cnts.sn\/index.php?rest_route=%2Fwp%2Fv2%2Ftags&post=1270"}],"curies":[{"name":"wp","href":"https:\/\/api.w.org\/{rel}","templated":true}]}}