{"id":1825,"date":"2022-05-25T20:57:28","date_gmt":"2022-05-25T20:57:28","guid":{"rendered":"https:\/\/cnts.sn\/?p=1825"},"modified":"2022-09-12T21:50:24","modified_gmt":"2022-09-12T21:50:24","slug":"la-csi-se-felicite-des-conclusions-de-la-conference-mondiale-sur-lelimination-du-travail-des-enfants","status":"publish","type":"post","link":"https:\/\/cnts.sn\/?p=1825","title":{"rendered":"LA CSI SE F\u00c9LICITE DES CONCLUSIONS DE LA CONF\u00c9RENCE MONDIALE SUR L\u2019\u00c9LIMINATION DU TRAVAIL DES ENFANTS"},"content":{"rendered":"<div class=\"post-entry bottom40\">\n<h3><strong><em>La CSI a salu\u00e9 les conclusions de la 5e Conf\u00e9rence mondiale sur l\u2019\u00e9limination du travail des enfants, mais a appel\u00e9 les gouvernements \u00e0 redoubler d\u2019efforts pour \u00e9radiquer cet \u00e9pouvantable fl\u00e9au.<\/em><\/strong><\/h3>\n<p>La\u00a0<a href=\"https:\/\/4830a918a4654eb18741b3ac14f72005.svc.dynamics.com\/t\/t\/1QlZWEtmENhhnHlpAxrj7IvEWKdweytHU1oxVtn6cnwx\/xjPxa5YRQJhOgMyhHktNkHyZcUl6v7xbwmx5ogppxFox\" target=\"_blank\" rel=\"noreferrer noopener\">Conf\u00e9rence<\/a>, qui s\u2019est tenue du 15 au 20 mai \u00e0 Durban, en Afrique du Sud, a adopt\u00e9 une r\u00e9solution intitul\u00e9e \u00ab\u00a0<em>Appel \u00e0 l\u2019action de Durban<\/em>\u00a0\u00bb, o\u00f9 sont \u00e9nonc\u00e9es les priorit\u00e9s d\u2019action suivantes :<\/p>\n<ul>\n<li>faire du travail d\u00e9cent une r\u00e9alit\u00e9 pour les adultes et les jeunes ayant d\u00e9pass\u00e9 l\u2019\u00e2ge minimum l\u00e9gal d\u2019admission \u00e0 l\u2019emploi en acc\u00e9l\u00e9rant les efforts multipartites visant \u00e0 \u00e9liminer le travail des enfants, en accordant la priorit\u00e9 aux pires formes de travail des enfants ;<\/li>\n<li>mettre fin au travail des enfants dans le secteur agricole ;<\/li>\n<li>renforcer la pr\u00e9vention et l\u2019\u00e9limination du travail des enfants, y compris sous ses pires formes, telles que le travail forc\u00e9, l\u2019esclavage moderne et la traite des personnes, ainsi que la protection des survivants gr\u00e2ce \u00e0 des r\u00e9ponses politiques fond\u00e9es sur des donn\u00e9es et inform\u00e9es par les survivants ;<\/li>\n<li>r\u00e9aliser le droit des enfants \u00e0 l\u2019\u00e9ducation et garantir l\u2019acc\u00e8s universel \u00e0 une \u00e9ducation et une formation gratuites, obligatoires, de qualit\u00e9, \u00e9quitables et inclusives ;<\/li>\n<li>r\u00e9aliser l\u2019acc\u00e8s universel \u00e0 la protection sociale ; et<\/li>\n<li>accro\u00eetre le financement et la coop\u00e9ration internationale en vue de l\u2019\u00e9limination du travail des enfants et du travail forc\u00e9.<\/li>\n<\/ul>\n<p>La secr\u00e9taire g\u00e9n\u00e9rale de la CSI, Sharan Burrow, a d\u00e9clar\u00e9 : \u00ab\u00a0<em>L\u2019appel \u00e0 l\u2019action intervient dans un contexte o\u00f9 les cas de travail des enfants sont en forte hausse et sont exacerb\u00e9s par la pand\u00e9mie de COVID-19, \u00e0 l\u2019heure o\u00f9 pr\u00e8s de 160 millions d\u2019enfants se trouvent pi\u00e9g\u00e9s dans ce type de travail selon les estimations mondiales<\/em>.<\/p>\n<p><em>Il convient de rappeler que l\u2019<\/em><a href=\"https:\/\/4830a918a4654eb18741b3ac14f72005.svc.dynamics.com\/t\/t\/IiHsQDe4TS7POUfmyT7m3yaYJWXsX2x1oDLvUPVkA44x\/xjPxa5YRQJhOgMyhHktNkHyZcUl6v7xbwmx5ogppxFox\" target=\"_blank\" rel=\"noreferrer noopener\"><em>objectif 8.7 des ODD<\/em><\/a><em>\u00a0<\/em><em>vise \u00e0 \u00e9liminer le travail des enfants \u00e0 l\u2019horizon 2025, et le travail forc\u00e9 \u00e0 l\u2019horizon 2030. Or le temps presse plus que jamais ! Nous appelons les gouvernements \u00e0 mettre en \u0153uvre les priorit\u00e9s \u00e9nonc\u00e9es dans l\u2019Appel \u00e0 l\u2019action de Durban et nous appelons de nos v\u0153ux les partenaires sociaux, les organisations de la soci\u00e9t\u00e9 civile, les agences de d\u00e9veloppement et les bailleurs de fonds \u00e0 \u0153uvrer de concert \u00e0 la r\u00e9alisation de l\u2019objectif 8.7.<\/em><\/p>\n<p><em>Il est formidable que tous les pays membres de l\u2019OIT et leurs partenaires sociaux aient ratifi\u00e9 la Convention 182 sur les pires formes de travail des enfants, et que d\u2019autres conventions sur le travail des enfants soient progressivement ratifi\u00e9es.<\/em>\u00a0<em>La Convention 138 sur l\u2019\u00e2ge minimum doit \u00e9galement \u00eatre universellement ratifi\u00e9e<\/em>.\u00a0<em>Cependant, la ratification ne suffit pas, \u00e0 elle seule, \u00e0 \u00e9liminer le fl\u00e9au du travail des enfants<\/em>.<\/p>\n<p><em>C\u2019est par le biais de l\u2019action, des mesures de conformit\u00e9 mises en place par les gouvernements, que l\u2019on r\u00e9alisera l\u2019ODD 8.7. Ces mesures doivent \u00eatre compl\u00e9t\u00e9es par des investissements dans les domaines de l\u2019emploi, de la protection sociale, de l\u2019\u00e9conomie des soins et de l\u2019\u00e9ducation, notamment. Nous appelons les partenaires sociaux \u00e0 suivre de pr\u00e8s leurs gouvernements et \u00e0 s\u2019assurer qu\u2019ils mettent en \u0153uvre les dispositions convenues \u00e0 Durban<\/em>. \u00bb<\/p>\n<p>La Conf\u00e9rence de Durban a r\u00e9uni des d\u00e9l\u00e9gu\u00e9s des gouvernements, des syndicats, des organisations d\u2019employeurs, des organisations de la soci\u00e9t\u00e9 civile, des agences des Nations Unies et, pour la premi\u00e8re fois aussi, des d\u00e9l\u00e9gu\u00e9s de l\u2019enfance.<\/p>\n<\/div>\n<div class=\"post-navigation\">\n<div class=\"nav-previous\">\n<div class=\"meta-nav\"><\/div>\n<\/div>\n<\/div>\n","protected":false},"excerpt":{"rendered":"<p>La CSI a salu\u00e9 les conclusions de la 5e Conf\u00e9rence mondiale sur l\u2019\u00e9limination du travail des enfants, mais a appel\u00e9 les gouvernements.<\/p>\n","protected":false},"author":1,"featured_media":1826,"comment_status":"open","ping_status":"open","sticky":false,"template":"","format":"standard","meta":{"om_disable_all_campaigns":false,"_monsterinsights_skip_tracking":false,"_monsterinsights_sitenote_active":false,"_monsterinsights_sitenote_note":"","_monsterinsights_sitenote_category":0,"footnotes":""},"categories":[6],"tags":[],"class_list":["post-1825","post","type-post","status-publish","format-standard","has-post-thumbnail","hentry","category-jeunesse_ouvriere"],"_links":{"self":[{"href":"https:\/\/cnts.sn\/index.php?rest_route=\/wp\/v2\/posts\/1825","targetHints":{"allow":["GET"]}}],"collection":[{"href":"https:\/\/cnts.sn\/index.php?rest_route=\/wp\/v2\/posts"}],"about":[{"href":"https:\/\/cnts.sn\/index.php?rest_route=\/wp\/v2\/types\/post"}],"author":[{"embeddable":true,"href":"https:\/\/cnts.sn\/index.php?rest_route=\/wp\/v2\/users\/1"}],"replies":[{"embeddable":true,"href":"https:\/\/cnts.sn\/index.php?rest_route=%2Fwp%2Fv2%2Fcomments&post=1825"}],"version-history":[{"count":1,"href":"https:\/\/cnts.sn\/index.php?rest_route=\/wp\/v2\/posts\/1825\/revisions"}],"predecessor-version":[{"id":1827,"href":"https:\/\/cnts.sn\/index.php?rest_route=\/wp\/v2\/posts\/1825\/revisions\/1827"}],"wp:featuredmedia":[{"embeddable":true,"href":"https:\/\/cnts.sn\/index.php?rest_route=\/wp\/v2\/media\/1826"}],"wp:attachment":[{"href":"https:\/\/cnts.sn\/index.php?rest_route=%2Fwp%2Fv2%2Fmedia&parent=1825"}],"wp:term":[{"taxonomy":"category","embeddable":true,"href":"https:\/\/cnts.sn\/index.php?rest_route=%2Fwp%2Fv2%2Fcategories&post=1825"},{"taxonomy":"post_tag","embeddable":true,"href":"https:\/\/cnts.sn\/index.php?rest_route=%2Fwp%2Fv2%2Ftags&post=1825"}],"curies":[{"name":"wp","href":"https:\/\/api.w.org\/{rel}","templated":true}]}}