{"id":2644,"date":"2024-11-13T13:55:55","date_gmt":"2024-11-13T13:55:55","guid":{"rendered":"https:\/\/cnts.sn\/?p=2644"},"modified":"2024-11-13T13:56:18","modified_gmt":"2024-11-13T13:56:18","slug":"declaration-de-la-cnts-sur-les-violences-electorales","status":"publish","type":"post","link":"https:\/\/cnts.sn\/?p=2644","title":{"rendered":"D\u00e9claration de la CNTS sur les violences \u00e9lectorales"},"content":{"rendered":"<p><a href=\"https:\/\/cnts.sn\/declaration-de-la-cnts-sur-les-violences-electorales\/466751602_584425047588118_2379237572058597501_n\/\" rel=\"attachment wp-att-2645\"><img loading=\"lazy\" decoding=\"async\" class=\"alignnone size-thumbnail wp-image-2645\" src=\"https:\/\/cnts.sn\/wp-content\/uploads\/2024\/11\/466751602_584425047588118_2379237572058597501_n-150x150.jpg\" alt=\"\" width=\"150\" height=\"150\" \/><\/a><\/p>\n<p><a href=\"https:\/\/cnts.sn\/declaration-de-la-cnts-sur-les-violences-electorales\/cnts-3\/\" rel=\"attachment wp-att-2646\"><img loading=\"lazy\" decoding=\"async\" class=\"alignnone size-thumbnail wp-image-2646\" src=\"https:\/\/cnts.sn\/wp-content\/uploads\/2024\/11\/CNTS-150x150.jpg\" alt=\"\" width=\"150\" height=\"150\" srcset=\"https:\/\/cnts.sn\/wp-content\/uploads\/2024\/11\/CNTS-150x150.jpg 150w, https:\/\/cnts.sn\/wp-content\/uploads\/2024\/11\/CNTS.jpg 225w\" sizes=\"auto, (max-width: 150px) 100vw, 150px\" \/><\/a><\/p>\n<p><strong>\u00a0D\u00e9claration de la CNTS sur les violences \u00e9lectorales<\/strong><\/p>\n<div dir=\"auto\">Bonjour chers camarades.<\/div>\n<div dir=\"auto\">Je partage avec vous la d\u00e9claration de la Conf\u00e9d\u00e9ration Nationales des Travailleurs du S\u00e9n\u00e9gal (CNTS) sur les violences \u00e9lectorales qui sont tr\u00e8s fr\u00e9quentes ces jours-ci avec la campagne \u00e9lectorale pour les l\u00e9gislatives du 17 Novembre prochain.<\/div>\n<div dir=\"auto\">La CNTS, centrale syndicale leader au S\u00e9n\u00e9gal d\u00e9nonce avec la plus grande \u00e9nergie cette situation catastrophique qui pr\u00e9vaut et qui menace la stabilit\u00e9 sociale du pays.<\/div>\n<p>&nbsp;<\/p>\n","protected":false},"excerpt":{"rendered":"<p>\u00a0D\u00e9claration de la CNTS sur les violences \u00e9lectorales Bonjour chers camarades. Je partage avec vous la d\u00e9claration de la Conf\u00e9d\u00e9ration Nationales des.<\/p>\n","protected":false},"author":2,"featured_media":0,"comment_status":"open","ping_status":"open","sticky":false,"template":"","format":"standard","meta":{"om_disable_all_campaigns":false,"_monsterinsights_skip_tracking":false,"_monsterinsights_sitenote_active":false,"_monsterinsights_sitenote_note":"","_monsterinsights_sitenote_category":0,"footnotes":""},"categories":[32,25,6,1,23,2],"tags":[],"class_list":["post-2644","post","type-post","status-publish","format-standard","hentry","category-actualites","category-femmes_travailleuses","category-jeunesse_ouvriere","category-les_autres","category-les-declarations","category-unions_regionales"],"_links":{"self":[{"href":"https:\/\/cnts.sn\/index.php?rest_route=\/wp\/v2\/posts\/2644","targetHints":{"allow":["GET"]}}],"collection":[{"href":"https:\/\/cnts.sn\/index.php?rest_route=\/wp\/v2\/posts"}],"about":[{"href":"https:\/\/cnts.sn\/index.php?rest_route=\/wp\/v2\/types\/post"}],"author":[{"embeddable":true,"href":"https:\/\/cnts.sn\/index.php?rest_route=\/wp\/v2\/users\/2"}],"replies":[{"embeddable":true,"href":"https:\/\/cnts.sn\/index.php?rest_route=%2Fwp%2Fv2%2Fcomments&post=2644"}],"version-history":[{"count":2,"href":"https:\/\/cnts.sn\/index.php?rest_route=\/wp\/v2\/posts\/2644\/revisions"}],"predecessor-version":[{"id":2648,"href":"https:\/\/cnts.sn\/index.php?rest_route=\/wp\/v2\/posts\/2644\/revisions\/2648"}],"wp:attachment":[{"href":"https:\/\/cnts.sn\/index.php?rest_route=%2Fwp%2Fv2%2Fmedia&parent=2644"}],"wp:term":[{"taxonomy":"category","embeddable":true,"href":"https:\/\/cnts.sn\/index.php?rest_route=%2Fwp%2Fv2%2Fcategories&post=2644"},{"taxonomy":"post_tag","embeddable":true,"href":"https:\/\/cnts.sn\/index.php?rest_route=%2Fwp%2Fv2%2Ftags&post=2644"}],"curies":[{"name":"wp","href":"https:\/\/api.w.org\/{rel}","templated":true}]}}