{"id":2692,"date":"2024-12-06T17:08:56","date_gmt":"2024-12-06T17:08:56","guid":{"rendered":"https:\/\/cnts.sn\/?p=2692"},"modified":"2024-12-06T17:08:56","modified_gmt":"2024-12-06T17:08:56","slug":"la-csi-soutient-la-justice-climatique-lors-des-audiences-a-la-cour-internationale-de-justice","status":"publish","type":"post","link":"https:\/\/cnts.sn\/?p=2692","title":{"rendered":"La CSI soutient la justice climatique lors des audiences \u00e0 la Cour internationale de justice"},"content":{"rendered":"<p><a href=\"https:\/\/cnts.sn\/la-csi-soutient-la-justice-climatique-lors-des-audiences-a-la-cour-internationale-de-justice\/icj_international_court_justice_climate_koen_van_weel_afp_1600x-2-b9054\/\" rel=\"attachment wp-att-2693\"><img loading=\"lazy\" decoding=\"async\" class=\"alignnone size-thumbnail wp-image-2693\" src=\"https:\/\/cnts.sn\/wp-content\/uploads\/2024\/12\/icj_international_court_justice_climate_koen_van_weel_afp_1600x-2-b9054-150x150.jpg\" alt=\"\" width=\"150\" height=\"150\" \/><\/a><\/p>\n<p><strong>\u00c0 peine une semaine apr\u00e8s la cl\u00f4ture de la COP29 en Azerba\u00efdjan, la CSI suit attentivement la proc\u00e9dure \u00e0 la Cour internationale de justice (CIJ) visant \u00e0 clarifier\u00a0<a class=\"spip_out\" href=\"https:\/\/www.icj-cij.org\/fr\/affaire\/187\" rel=\"external\">les obligations des \u00c9tats en mati\u00e8re de changement climatique en vertu du droit international<\/a>.<\/strong><\/p>\n<p>Les audiences publiques se tiendront suite \u00e0 la demande d\u2019avis consultatif\u00a0<a class=\"spip_out\" href=\"https:\/\/documents.un.org\/doc\/undoc\/ltd\/n23\/063\/83\/pdf\/n2306383.pdf\" rel=\"external\">soumise<\/a>\u00a0par l\u2019Assembl\u00e9e g\u00e9n\u00e9rale des Nations Unies le 29 mars 2023.<\/p>\n<p>La CSI a contribu\u00e9 \u00e0 cette proc\u00e9dure historique en publiant\u00a0<a class=\"spip_out\" href=\"https:\/\/eur01.safelinks.protection.outlook.com\/?url=https%3A%2F%2Fwww.ituc-csi.org%2Fituc-itf-submission-to-the-icj&amp;data=05%7C02%7CZuzanna.Muskat-Gorska%40ituc-csi.org%7C88432a06ff754e322d6f08dd0afb45dc%7Cb274c5e7c1e24ebca84ce8e9c8c6136f%7C0%7C0%7C638678796504803200%7CUnknown%7CTWFpbGZsb3d8eyJFbXB0eU1hcGkiOnRydWUsIlYiOiIwLjAuMDAwMCIsIlAiOiJXaW4zMiIsIkFOIjoiTWFpbCIsIldUIjoyfQ%3D%3D%7C0%7C%7C%7C&amp;sdata=31FwKaQ29Vt%2Fs1NdUMOyppeUeGEYn2S%2FPGlLzOIhA44%3D&amp;reserved=0\" rel=\"external\">une d\u00e9claration \u00e9crite<\/a>\u00a0(en anglais), en collaboration avec la F\u00e9d\u00e9ration internationale des ouvriers du transport (ITF). Cette d\u00e9claration met en exergue l\u2019importance de la transition juste et du travail d\u00e9cent \u2013 des concepts ancr\u00e9s dans le droit international du travail \u2013 dans le cadre de la formulation des obligations des \u00c9tats en mati\u00e8re de changement climatique.<\/p>\n<p>Le secr\u00e9taire g\u00e9n\u00e9ral de la CSI, Luc Triangle, a d\u00e9clar\u00e9\u00a0: \u00ab\u00a0Le changement climatique n\u2019est pas seulement un d\u00e9fi environnemental, mais \u00e9galement une crise sociale et \u00e9conomique profonde. Une transition juste, garantissant le travail d\u00e9cent et l\u2019\u00e9quit\u00e9, doit \u00eatre plac\u00e9e au coeur des obligations internationales en mati\u00e8re d\u2019action climatique. C\u2019est l\u2019occasion de placer les travailleurs et les travailleuses ainsi que leurs communaut\u00e9s au centre des solutions \u00e0 la crise climatique\u00a0\u00bb.<\/p>\n<p><a class=\"spip_out\" href=\"https:\/\/www.icj-cij.org\/index.php\/fr\/node\/204312\" rel=\"external\">Les audiences publiques<\/a>\u00a0se tiendront du 2 au 13 d\u00e9cembre 2024 et la Cour internationale de justice devrait donner son avis consultatif en 2025. Ce dernier pourrait influer sur les futures interpr\u00e9tations des obligations incombant aux \u00c9tats par les tribunaux nationaux et r\u00e9gionaux, ainsi que sur le r\u00e8glement des affaires actuelles et futures concernant le changement climatique, et pourrait orienter les strat\u00e9gies mondiales en mati\u00e8re de climat.<\/p>\n","protected":false},"excerpt":{"rendered":"<p>\u00c0 peine une semaine apr\u00e8s la cl\u00f4ture de la COP29 en Azerba\u00efdjan, la CSI suit attentivement la proc\u00e9dure \u00e0 la Cour internationale.<\/p>\n","protected":false},"author":2,"featured_media":0,"comment_status":"open","ping_status":"open","sticky":false,"template":"","format":"standard","meta":{"om_disable_all_campaigns":false,"_monsterinsights_skip_tracking":false,"_monsterinsights_sitenote_active":false,"_monsterinsights_sitenote_note":"","_monsterinsights_sitenote_category":0,"footnotes":""},"categories":[32],"tags":[],"class_list":["post-2692","post","type-post","status-publish","format-standard","hentry","category-actualites"],"_links":{"self":[{"href":"https:\/\/cnts.sn\/index.php?rest_route=\/wp\/v2\/posts\/2692","targetHints":{"allow":["GET"]}}],"collection":[{"href":"https:\/\/cnts.sn\/index.php?rest_route=\/wp\/v2\/posts"}],"about":[{"href":"https:\/\/cnts.sn\/index.php?rest_route=\/wp\/v2\/types\/post"}],"author":[{"embeddable":true,"href":"https:\/\/cnts.sn\/index.php?rest_route=\/wp\/v2\/users\/2"}],"replies":[{"embeddable":true,"href":"https:\/\/cnts.sn\/index.php?rest_route=%2Fwp%2Fv2%2Fcomments&post=2692"}],"version-history":[{"count":2,"href":"https:\/\/cnts.sn\/index.php?rest_route=\/wp\/v2\/posts\/2692\/revisions"}],"predecessor-version":[{"id":2695,"href":"https:\/\/cnts.sn\/index.php?rest_route=\/wp\/v2\/posts\/2692\/revisions\/2695"}],"wp:attachment":[{"href":"https:\/\/cnts.sn\/index.php?rest_route=%2Fwp%2Fv2%2Fmedia&parent=2692"}],"wp:term":[{"taxonomy":"category","embeddable":true,"href":"https:\/\/cnts.sn\/index.php?rest_route=%2Fwp%2Fv2%2Fcategories&post=2692"},{"taxonomy":"post_tag","embeddable":true,"href":"https:\/\/cnts.sn\/index.php?rest_route=%2Fwp%2Fv2%2Ftags&post=2692"}],"curies":[{"name":"wp","href":"https:\/\/api.w.org\/{rel}","templated":true}]}}