{"id":2726,"date":"2025-04-17T12:54:30","date_gmt":"2025-04-17T12:54:30","guid":{"rendered":"https:\/\/cnts.sn\/?p=2726"},"modified":"2025-04-17T12:54:30","modified_gmt":"2025-04-17T12:54:30","slug":"conference-de-presse-du-front-syndical-de-la-defense-du-travail-ce-mercredi-16-avril-au-siege-de-la-cnts-la-maison-des-travailleurs-keur-madia","status":"publish","type":"post","link":"https:\/\/cnts.sn\/?p=2726","title":{"rendered":"Conf\u00e9rence de presse du FRONT SYNDICAL DE LA D\u00c9FENSE DU TRAVAIL ce mercredi 16 Avril au si\u00e8ge de la CNTS, la Maison des Travailleurs KEUR MADIA"},"content":{"rendered":"<p><a href=\"https:\/\/cnts.sn\/?attachment_id=2727\" rel=\"attachment wp-att-2727\"><img loading=\"lazy\" decoding=\"async\" class=\"alignnone size-thumbnail wp-image-2727\" src=\"https:\/\/cnts.sn\/wp-content\/uploads\/2025\/04\/11607814099301756449-150x150.jpg\" alt=\"\" width=\"150\" height=\"150\" \/><\/a><\/p>\n<p>Ce mercredi 16 avril 2025, le Front Syndical de D\u00e9fense du Travail (FSDT) a tenu une conf\u00e9rence de presse pour se prononcer sur les discussions en cours autour du nouveau Pacte social et les n\u00e9gociations relatives \u00e0 la plateforme revendicative minimale d\u00e9pos\u00e9e le 21 janvier dernier par sept centrales syndicales.<\/p>\n<p>Dans sa d\u00e9claration liminaire, le Front a exprim\u00e9 une vive d\u00e9ception face aux r\u00e9sultats des travaux men\u00e9s jusqu\u2019ici. Selon lui, ces r\u00e9sultats sont largement en de\u00e7\u00e0 des attentes des travailleurs et de leurs organisations syndicales, notamment en ce qui concerne les enjeux sociaux majeurs port\u00e9s par ces derni\u00e8res dans l\u2019espoir d\u2019un dialogue porteur de progr\u00e8s et de justice sociale.<\/p>\n<p>Le FSDT reproche au gouvernement un manque de clart\u00e9 et de consistance dans ses engagements. Il d\u00e9plore une volont\u00e9 pr\u00e9cipit\u00e9e de conclure un pacte, sans avoir au pr\u00e9alable r\u00e9pondu aux revendications essentielles contenues dans la plateforme minimale. Cette d\u00e9marche jug\u00e9e pr\u00e9cipit\u00e9e et non concert\u00e9e pousse le Front \u00e0 adopter une posture de prudence, estimant que les d\u00e9fis syndicaux actuels n\u00e9cessitent plus de transparence et de consensus.<\/p>\n<p>Le FSDT a \u00e9galement rappel\u00e9 les neuf points cl\u00e9s qui, selon lui, doivent imp\u00e9rativement faire l\u2019objet d\u2019accords solides pour fonder un v\u00e9ritable pacte de stabilit\u00e9 sociale. Parmi ces revendications figurent :<\/p>\n<p>L\u2019am\u00e9lioration du pouvoir d\u2019achat des travailleurs et des m\u00e9nages ;<\/p>\n<p>La signature d\u2019accords sectoriels avec les syndicats de l\u2019\u00e9ducation, de la sant\u00e9, de la justice, des universit\u00e9s, des collectivit\u00e9s territoriales, de l\u2019h\u00f4tellerie et du secteur primaire ;<\/p>\n<p>La g\u00e9n\u00e9ralisation de l\u2019\u00e2ge de d\u00e9part \u00e0 la retraite \u00e0 65 ans ;<\/p>\n<p>La requalification en CDI des contrats de travail renouvel\u00e9s \u00e0 plusieurs reprises, conform\u00e9ment au Code du travail ;<\/p>\n<p>La mise en \u0153uvre du plan de restructuration de La Poste, avec le paiement des salaires jusqu\u2019\u00e0 sa concr\u00e9tisation ;<\/p>\n<p>L\u2019apurement du passif social et le r\u00e8glement de la dette int\u00e9rieure.<\/p>\n<p>Cheikh Diop, de la CNTS\/FC, a particuli\u00e8rement insist\u00e9 sur ce dernier point, d\u00e9clarant : \u00ab Cette dette int\u00e9rieure et ce passif social constituent une pr\u00e9occupation centrale. Si d\u2019ici le 1er mai aucune r\u00e9ponse positive ne nous parvient, le mouvement syndical saura r\u00e9agir. \u00bb<\/p>\n<p>Dans ce contexte tendu, Mody Guiro, secr\u00e9taire g\u00e9n\u00e9ral de la CNTS, a annonc\u00e9 qu\u2019aucun d\u00e9fil\u00e9 ne serait organis\u00e9 cette ann\u00e9e \u00e0 l\u2019occasion de la f\u00eate du travail. \u00c0 la place, un grand rassemblement de toutes les organisations syndicales est pr\u00e9vu afin d\u2019\u00e9changer sur l\u2019\u00e9tat des n\u00e9gociations et de consulter la base.<\/p>\n<p>La d\u00e9claration liminaire se conclut par une mise en garde : le Front syndical refuse de s\u2019engager dans ce qu\u2019il qualifie d\u2019\u00ab aventure p\u00e9rilleuse \u00bb sans un d\u00e9bat s\u00e9rieux et approfondi. Il se r\u00e9serve le droit d\u2019entreprendre toute action jug\u00e9e n\u00e9cessaire pour d\u00e9fendre les int\u00e9r\u00eats des travailleurs et des populations. Un pr\u00e9avis de gr\u00e8ve pourrait m\u00eame \u00eatre d\u00e9pos\u00e9 si les discussions du 1er mai ne d\u00e9bouchent pas sur des avanc\u00e9es concr\u00e8tes.<\/p>\n<p>Enfin, la coalition syndicale appelle les autorit\u00e9s \u00e0 faire preuve d\u2019\u00e9coute et \u00e0 impliquer davantage les travailleurs dans la dynamique de performance et de renouveau de l\u2019\u00e9conomie nationale.<\/p>\n","protected":false},"excerpt":{"rendered":"<p>Ce mercredi 16 avril 2025, le Front Syndical de D\u00e9fense du Travail (FSDT) a tenu une conf\u00e9rence de presse pour se prononcer.<\/p>\n","protected":false},"author":2,"featured_media":0,"comment_status":"open","ping_status":"open","sticky":false,"template":"","format":"standard","meta":{"om_disable_all_campaigns":false,"_monsterinsights_skip_tracking":false,"_monsterinsights_sitenote_active":false,"_monsterinsights_sitenote_note":"","_monsterinsights_sitenote_category":0,"footnotes":""},"categories":[32,25,6,2],"tags":[],"class_list":["post-2726","post","type-post","status-publish","format-standard","hentry","category-actualites","category-femmes_travailleuses","category-jeunesse_ouvriere","category-unions_regionales"],"_links":{"self":[{"href":"https:\/\/cnts.sn\/index.php?rest_route=\/wp\/v2\/posts\/2726","targetHints":{"allow":["GET"]}}],"collection":[{"href":"https:\/\/cnts.sn\/index.php?rest_route=\/wp\/v2\/posts"}],"about":[{"href":"https:\/\/cnts.sn\/index.php?rest_route=\/wp\/v2\/types\/post"}],"author":[{"embeddable":true,"href":"https:\/\/cnts.sn\/index.php?rest_route=\/wp\/v2\/users\/2"}],"replies":[{"embeddable":true,"href":"https:\/\/cnts.sn\/index.php?rest_route=%2Fwp%2Fv2%2Fcomments&post=2726"}],"version-history":[{"count":1,"href":"https:\/\/cnts.sn\/index.php?rest_route=\/wp\/v2\/posts\/2726\/revisions"}],"predecessor-version":[{"id":2728,"href":"https:\/\/cnts.sn\/index.php?rest_route=\/wp\/v2\/posts\/2726\/revisions\/2728"}],"wp:attachment":[{"href":"https:\/\/cnts.sn\/index.php?rest_route=%2Fwp%2Fv2%2Fmedia&parent=2726"}],"wp:term":[{"taxonomy":"category","embeddable":true,"href":"https:\/\/cnts.sn\/index.php?rest_route=%2Fwp%2Fv2%2Fcategories&post=2726"},{"taxonomy":"post_tag","embeddable":true,"href":"https:\/\/cnts.sn\/index.php?rest_route=%2Fwp%2Fv2%2Ftags&post=2726"}],"curies":[{"name":"wp","href":"https:\/\/api.w.org\/{rel}","templated":true}]}}