{"id":2905,"date":"2026-04-27T18:07:52","date_gmt":"2026-04-27T18:07:52","guid":{"rendered":"https:\/\/cnts.sn\/?p=2905"},"modified":"2026-04-27T18:07:52","modified_gmt":"2026-04-27T18:07:52","slug":"atelier-de-renforcement-de-la-capacite-organisationnelle-et-operationnelle-de-la-federation-des-syndicats-du-senegal-pour-la-transition-energetique-juste-f2s-tej","status":"publish","type":"post","link":"https:\/\/cnts.sn\/?p=2905","title":{"rendered":"Atelier de Renforcement de la capacit\u00e9 organisationnelle et op\u00e9rationnelle de la F\u00e9d\u00e9ration des Syndicats du S\u00e9n\u00e9gal pour la Transition Energ\u00e9tique Juste (F2S-TEJ)"},"content":{"rendered":"<div class=\"xdj266r x14z9mp xat24cr x1lziwak x1vvkbs x126k92a\">\n<div dir=\"auto\"><a href=\"https:\/\/cnts.sn\/?attachment_id=2906\" rel=\"attachment wp-att-2906\"><img loading=\"lazy\" decoding=\"async\" class=\"alignnone size-thumbnail wp-image-2906\" src=\"https:\/\/cnts.sn\/wp-content\/uploads\/2026\/04\/678557733_997741462923139_5679377418864837552_n-150x150.jpg\" alt=\"\" width=\"150\" height=\"150\" \/><\/a><\/div>\n<div dir=\"auto\"><a href=\"https:\/\/cnts.sn\/?attachment_id=2907\" rel=\"attachment wp-att-2907\"><img loading=\"lazy\" decoding=\"async\" class=\"alignnone size-thumbnail wp-image-2907\" src=\"https:\/\/cnts.sn\/wp-content\/uploads\/2026\/04\/681437762_997741756256443_1968059395839135629_n-150x150.jpg\" alt=\"\" width=\"150\" height=\"150\" \/><\/a><\/div>\n<div dir=\"auto\"><a href=\"https:\/\/cnts.sn\/?attachment_id=2908\" rel=\"attachment wp-att-2908\"><img loading=\"lazy\" decoding=\"async\" class=\"alignnone size-thumbnail wp-image-2908\" src=\"https:\/\/cnts.sn\/wp-content\/uploads\/2026\/04\/681868182_997741862923099_6059687994836236151_n-150x150.jpg\" alt=\"\" width=\"150\" height=\"150\" \/><\/a><\/div>\n<div dir=\"auto\">\u00a0<a href=\"https:\/\/cnts.sn\/?attachment_id=2910\" rel=\"attachment wp-att-2910\"><img loading=\"lazy\" decoding=\"async\" class=\"alignnone size-thumbnail wp-image-2910\" src=\"https:\/\/cnts.sn\/wp-content\/uploads\/2026\/04\/678301491_997741842923101_8294333829633864876_n-150x150.jpg\" alt=\"\" width=\"150\" height=\"150\" \/><\/a><\/div>\n<\/div>\n<div class=\"x14z9mp xat24cr x1lziwak x1vvkbs xtlvy1s x126k92a\">\n<div dir=\"auto\">La Conf\u00e9d\u00e9ration Nationale des Travailleurs du S\u00e9n\u00e9gal (CNTS) et la F\u00e9d\u00e9ration des Syndicats du S\u00e9n\u00e9gal pour la Transition Energ\u00e9tique Juste (F2S-TEJ) ont<\/div>\n<div dir=\"auto\">organis\u00e9 une conf\u00e9rence de presse sur la \u00ab Dimension sociale de la transition \u00e9nerg\u00e9tique \u00bb ce vendredi 24 Avril 2026 dans les locaux de la Fondation Friedrich Ebert sis \u00e0 Fann R\u00e9sidence.<\/div>\n<div dir=\"auto\">Dans un contexte o\u00f9 le S\u00e9n\u00e9gal s\u2019est engag\u00e9 dans une politique de mix \u00e9nerg\u00e9tique avec des investissements massifs sur les \u00e9nergies renouvelables, il est essentiel pour les organisations syndicales d\u2019harmoniser leurs contributions par le biais d\u2019une coordination op\u00e9rationnelle.<\/div>\n<div dir=\"auto\">Le coordonnateur du projet, le camarade Babacar Sylla est revenu sur l\u2019objectif g\u00e9n\u00e9ral de cet atelier qui est de consolider la gouvernance interne du cadre intersyndical d\u00e9nomm\u00e9 la F\u00e9d\u00e9ration des Syndicats du S\u00e9n\u00e9gal pour la Transition \u00c9nerg\u00e9tique Juste par le renforcement de l\u2019op\u00e9rationnalit\u00e9 de ses instances.<\/div>\n<div dir=\"auto\">Le Pr\u00e9sident de la F\u00e9d\u00e9ration, le camarade Moustapha Diagne secr\u00e9taire g\u00e9n\u00e9ral du SYNTICS ( Syndicat National des Travailleurs des Industries Chimiques et Activit\u00e9s Rattach\u00e9es du S\u00e9n\u00e9gal) est revenu quant \u00e0 lui sur les r\u00e9sultats attendus de la F\u00e9d\u00e9ration et les strat\u00e9gies pour son op\u00e9rationnalisation et son \u00e9largissement \u00e0 d\u2019autres organisations.<\/div>\n<\/div>\n","protected":false},"excerpt":{"rendered":"<p>\u00a0 La Conf\u00e9d\u00e9ration Nationale des Travailleurs du S\u00e9n\u00e9gal (CNTS) et la F\u00e9d\u00e9ration des Syndicats du S\u00e9n\u00e9gal pour la Transition Energ\u00e9tique Juste (F2S-TEJ).<\/p>\n","protected":false},"author":2,"featured_media":0,"comment_status":"open","ping_status":"open","sticky":false,"template":"","format":"standard","meta":{"om_disable_all_campaigns":false,"_monsterinsights_skip_tracking":false,"_monsterinsights_sitenote_active":false,"_monsterinsights_sitenote_note":"","_monsterinsights_sitenote_category":0,"footnotes":""},"categories":[32,25,6,22,2],"tags":[],"class_list":["post-2905","post","type-post","status-publish","format-standard","hentry","category-actualites","category-femmes_travailleuses","category-jeunesse_ouvriere","category-projet","category-unions_regionales"],"_links":{"self":[{"href":"https:\/\/cnts.sn\/index.php?rest_route=\/wp\/v2\/posts\/2905","targetHints":{"allow":["GET"]}}],"collection":[{"href":"https:\/\/cnts.sn\/index.php?rest_route=\/wp\/v2\/posts"}],"about":[{"href":"https:\/\/cnts.sn\/index.php?rest_route=\/wp\/v2\/types\/post"}],"author":[{"embeddable":true,"href":"https:\/\/cnts.sn\/index.php?rest_route=\/wp\/v2\/users\/2"}],"replies":[{"embeddable":true,"href":"https:\/\/cnts.sn\/index.php?rest_route=%2Fwp%2Fv2%2Fcomments&post=2905"}],"version-history":[{"count":1,"href":"https:\/\/cnts.sn\/index.php?rest_route=\/wp\/v2\/posts\/2905\/revisions"}],"predecessor-version":[{"id":2911,"href":"https:\/\/cnts.sn\/index.php?rest_route=\/wp\/v2\/posts\/2905\/revisions\/2911"}],"wp:attachment":[{"href":"https:\/\/cnts.sn\/index.php?rest_route=%2Fwp%2Fv2%2Fmedia&parent=2905"}],"wp:term":[{"taxonomy":"category","embeddable":true,"href":"https:\/\/cnts.sn\/index.php?rest_route=%2Fwp%2Fv2%2Fcategories&post=2905"},{"taxonomy":"post_tag","embeddable":true,"href":"https:\/\/cnts.sn\/index.php?rest_route=%2Fwp%2Fv2%2Ftags&post=2905"}],"curies":[{"name":"wp","href":"https:\/\/api.w.org\/{rel}","templated":true}]}}